{"id":15707,"date":"2026-04-16T10:39:04","date_gmt":"2026-04-16T08:39:04","guid":{"rendered":"https:\/\/www.tornosabogados.com\/?p=15707"},"modified":"2026-04-16T12:22:11","modified_gmt":"2026-04-16T10:22:11","slug":"contratacion-publica-novedades-en-las-concesiones-para-la-promocion-de-vivienda-social-en-suelo-publico","status":"publish","type":"post","link":"https:\/\/www.tornosabogados.com\/ca\/contratacion-publica-novedades-en-las-concesiones-para-la-promocion-de-vivienda-social-en-suelo-publico\/","title":{"rendered":"CONTRATACI\u00d3N P\u00daBLICA-Novedades en las concesiones para la promoci\u00f3n de vivienda social en suelo p\u00fablico"},"content":{"rendered":"<p style=\"text-align: justify;\">El Real Decreto-ley 7\/2026, de 20 de marzo, por el que se aprueba el Plan Integral de Respuesta a la Crisis en Oriente Medio, introduce una modificaci\u00f3n relevante de la Ley 9\/2017, de 8 de noviembre, de Contratos del Sector P\u00fablico (LCSP).<\/p>\n<p style=\"text-align: justify;\">Estas novedades que a continuaci\u00f3n exponemos fueron introducidas en la LCSP mediante el <a href=\"https:\/\/go.vlex.com\/vid\/1062117929?fbt=webapp_preview&amp;addon_version=6.9\" target=\"_blank\" rel=\"noopener\">Real Decreto-ley 9\/2024, de 23 de diciembre<\/a>, de medidas urgentes en materia econ\u00f3mica, tributaria, de transporte y de Seguridad Social que, no obstante, fue derogado al no ser convalidado por el Congreso de los Diputados.<\/p>\n<p style=\"text-align: justify;\">Aprovechando, como ha dejado ya de ser inhabitual, una norma cuyo objeto tiene poco que ver con la medida introducida, a trav\u00e9s de su disposici\u00f3n final d\u00e9cima, se incorpora una nueva disposici\u00f3n adicional quincuag\u00e9sima s\u00e9ptima a la LCSP, que regula un r\u00e9gimen jur\u00eddico espec\u00edfico para los contratos de concesi\u00f3n que tengan por finalidad la construcci\u00f3n o rehabilitaci\u00f3n de edificaciones destinadas a vivienda social en suelo o inmuebles de titularidad p\u00fablica.<\/p>\n<blockquote class=\"bl_cursiva_2024\">\n<p style=\"text-align: justify;\">La nueva regulaci\u00f3n pretende facilitar y acelerar el desarrollo de promociones de vivienda p\u00fablica, permitiendo una mayor eficiencia en la utilizaci\u00f3n del suelo p\u00fablico y reforzando el recurso al modelo concesional. Con ello, se quiere impulsar el crecimiento del parque p\u00fablico de vivienda, dando respuesta a una demanda social creciente y absolutamente necesaria.<\/p>\n<p style=\"text-align: justify;\">Esta reforma busca simplificar los procedimientos de contrataci\u00f3n para este tipo de contratos, reduciendo cargas administrativas y acortando plazos en las fases de licitaci\u00f3n, adjudicaci\u00f3n y ejecuci\u00f3n de los contratos.<\/p>\n<\/blockquote>\n<p style=\"text-align: justify;\">Con car\u00e1cter general, estos contratos se regir\u00e1n por el r\u00e9gimen de las concesiones de obras y de servicios previsto en la LCSP, si bien se introducen, entre otros, los cambios siguientes:<\/p>\n<p style=\"text-align: justify;\"><span style=\"color: #3e6743;\"><strong>Mayor duraci\u00f3n de las concesiones<\/strong><\/span><br \/>\nEl plazo m\u00e1ximo previsto en el art\u00edculo 29.6 de la LCSP podr\u00e1 ampliarse hasta ochenta a\u00f1os, en funci\u00f3n del per\u00edodo estimado de recuperaci\u00f3n de la inversi\u00f3n.<\/p>\n<p style=\"text-align: justify;\"><span style=\"color: #3e6743;\"><strong>Simplificaci\u00f3n t\u00e9cnica inicial<\/strong><\/span><br \/>\nLa Administraci\u00f3n concedente queda exonerada de la redacci\u00f3n previa del anteproyecto y del proyecto.<\/p>\n<p style=\"text-align: justify;\"><span style=\"color: #3e6743;\"><strong>Estudio de viabilidad m\u00e1s flexible<\/strong><\/span><br \/>\nEl \u00f3rgano\u00a0de contrataci\u00f3n deber\u00e1 aprobar un estudio de viabilidad econ\u00f3mico-financiera antes de la licitaci\u00f3n, sin necesidad de someterlo a informaci\u00f3n p\u00fablica ni de recabar el informe de la Oficina Nacional de Evaluaci\u00f3n ni del Comit\u00e9 Superior de Precios de Contratos del Estado.<\/p>\n<p style=\"text-align: justify;\"><span style=\"color: #3e6743;\"><strong>R\u00e9gimen propio de tasa de descuento<\/strong><\/span><br \/>\nNo ser\u00e1 obligatoria la aplicaci\u00f3n de la tasa prevista en el Real Decreto 55\/2017, de 3 de febrero, por el que se desarrolla la Ley 2\/2015, de 30 de marzo, de desindexaci\u00f3n de la econom\u00eda espa\u00f1ola.<\/p>\n<p><span style=\"color: #3e6743;\"><strong>Mayor flexibilidad en los pliegos<\/strong><\/span><br \/>\nLos pliegos de cl\u00e1usulas administrativas particulares no deber\u00e1n incluir el umbral m\u00ednimo de beneficios, ni la distribuci\u00f3n de riesgos relevantes entre la Administraci\u00f3n y el concesionario, exigidos con car\u00e1cter general por el art\u00edculo 250 de la LCSP.<\/p>\n<p style=\"text-align: justify;\"><span style=\"color: #3e6743;\"><strong>Cesi\u00f3n del contrato<\/strong><\/span><br \/>\nNo se aplicar\u00e1 como condici\u00f3n para una hipot\u00e9tica cesi\u00f3n del contrato la limitaci\u00f3n temporal del art\u00edculo 214.2.b de la LCSP (ejecuci\u00f3n al menos de una quinta parte del plazo de duraci\u00f3n del contrato), si bien la cesi\u00f3n no podr\u00e1 autorizarse antes de la finalizaci\u00f3n de las obras de edificaci\u00f3n.<\/p>\n<blockquote class=\"bl_fverde_2024\">\n<p style=\"text-align: justify;\">Esta reforma trata de reforzar el papel de la concesi\u00f3n administrativa como herramienta de colaboraci\u00f3n p\u00fablico\u2011privada y abre nuevas oportunidades para acelerar la creaci\u00f3n de vivienda social y asequible, en un contexto marcado por la presi\u00f3n sobre los precios y la manifiesta insuficiencia de oferta residencial accesible.<\/p>\n<\/blockquote>\n<p>Tornos Abogados<\/p>\n","protected":false},"excerpt":{"rendered":"<p>El Real Decreto-ley 7\/2026, de 20 de marzo, por el que se aprueba el Plan Integral de Respuesta a la Crisis en Oriente Medio, introduce una modificaci\u00f3n relevante de la Ley 9\/2017, de 8 de noviembre, de Contratos del Sector P\u00fablico (LCSP). Estas novedades que a continuaci\u00f3n exponemos fueron introducidas en la LCSP mediante el [&hellip;]<\/p>\n","protected":false},"author":1,"featured_media":15708,"comment_status":"closed","ping_status":"closed","sticky":false,"template":"","format":"standard","meta":[],"categories":[7],"tags":[],"boletin":[],"articulo-lcsp":[],"yoast_head":"<!-- This site is optimized with the Yoast SEO plugin v20.10 - https:\/\/yoast.com\/wordpress\/plugins\/seo\/ -->\n<title>CONTRATACI\u00d3N P\u00daBLICA-Novedades en las concesiones para la promoci\u00f3n de vivienda social en suelo p\u00fablico - Tornos<\/title>\n<meta name=\"robots\" content=\"index, follow, max-snippet:-1, max-image-preview:large, max-video-preview:-1\" \/>\n<link rel=\"canonical\" href=\"https:\/\/www.tornosabogados.com\/ca\/contratacion-publica-novedades-en-las-concesiones-para-la-promocion-de-vivienda-social-en-suelo-publico\/\" \/>\n<meta property=\"og:locale\" content=\"ca_ES\" \/>\n<meta property=\"og:type\" content=\"article\" \/>\n<meta property=\"og:title\" content=\"CONTRATACI\u00d3N P\u00daBLICA-Novedades en las concesiones para la promoci\u00f3n de vivienda social en suelo p\u00fablico - Tornos\" \/>\n<meta property=\"og:description\" content=\"El Real Decreto-ley 7\/2026, de 20 de marzo, por el que se aprueba el Plan Integral de Respuesta a la Crisis en Oriente Medio, introduce una modificaci\u00f3n relevante de la Ley 9\/2017, de 8 de noviembre, de Contratos del Sector P\u00fablico (LCSP). Estas novedades que a continuaci\u00f3n exponemos fueron introducidas en la LCSP mediante el [&hellip;]\" \/>\n<meta property=\"og:url\" content=\"https:\/\/www.tornosabogados.com\/ca\/contratacion-publica-novedades-en-las-concesiones-para-la-promocion-de-vivienda-social-en-suelo-publico\/\" \/>\n<meta property=\"og:site_name\" content=\"Tornos\" \/>\n<meta property=\"article:published_time\" content=\"2026-04-16T08:39:04+00:00\" \/>\n<meta property=\"article:modified_time\" content=\"2026-04-16T10:22:11+00:00\" \/>\n<meta property=\"og:image\" content=\"https:\/\/www.tornosabogados.com\/wp-content\/uploads\/2026\/04\/Newsletter-Disposicio-addicional-57-LCSP_foto.jpg\" \/>\n\t<meta property=\"og:image:width\" content=\"1500\" \/>\n\t<meta property=\"og:image:height\" content=\"1000\" \/>\n\t<meta property=\"og:image:type\" content=\"image\/jpeg\" \/>\n<meta name=\"author\" content=\"Tornos Abogados\" \/>\n<meta name=\"twitter:card\" content=\"summary_large_image\" \/>\n<meta name=\"twitter:label1\" content=\"Written by\" \/>\n\t<meta name=\"twitter:data1\" content=\"Tornos Abogados\" \/>\n\t<meta name=\"twitter:label2\" content=\"Est. reading time\" \/>\n\t<meta name=\"twitter:data2\" content=\"2 minutes\" \/>\n<script type=\"application\/ld+json\" class=\"yoast-schema-graph\">{\"@context\":\"https:\/\/schema.org\",\"@graph\":[{\"@type\":\"Article\",\"@id\":\"https:\/\/www.tornosabogados.com\/ca\/contratacion-publica-novedades-en-las-concesiones-para-la-promocion-de-vivienda-social-en-suelo-publico\/#article\",\"isPartOf\":{\"@id\":\"https:\/\/www.tornosabogados.com\/ca\/contratacion-publica-novedades-en-las-concesiones-para-la-promocion-de-vivienda-social-en-suelo-publico\/\"},\"author\":{\"name\":\"Tornos Abogados\",\"@id\":\"https:\/\/www.tornosabogados.com\/ca\/#\/schema\/person\/318ca497d8c39816b99d827eb4492a97\"},\"headline\":\"CONTRATACI\u00d3N P\u00daBLICA-Novedades en las concesiones para la promoci\u00f3n de vivienda social en suelo p\u00fablico\",\"datePublished\":\"2026-04-16T08:39:04+00:00\",\"dateModified\":\"2026-04-16T10:22:11+00:00\",\"mainEntityOfPage\":{\"@id\":\"https:\/\/www.tornosabogados.com\/ca\/contratacion-publica-novedades-en-las-concesiones-para-la-promocion-de-vivienda-social-en-suelo-publico\/\"},\"wordCount\":638,\"publisher\":{\"@id\":\"https:\/\/www.tornosabogados.com\/ca\/#organization\"},\"articleSection\":[\"Comentarios legales\"],\"inLanguage\":\"ca-ES\"},{\"@type\":\"WebPage\",\"@id\":\"https:\/\/www.tornosabogados.com\/ca\/contratacion-publica-novedades-en-las-concesiones-para-la-promocion-de-vivienda-social-en-suelo-publico\/\",\"url\":\"https:\/\/www.tornosabogados.com\/ca\/contratacion-publica-novedades-en-las-concesiones-para-la-promocion-de-vivienda-social-en-suelo-publico\/\",\"name\":\"CONTRATACI\u00d3N P\u00daBLICA-Novedades en las concesiones para la promoci\u00f3n de vivienda social en suelo p\u00fablico - Tornos\",\"isPartOf\":{\"@id\":\"https:\/\/www.tornosabogados.com\/ca\/#website\"},\"datePublished\":\"2026-04-16T08:39:04+00:00\",\"dateModified\":\"2026-04-16T10:22:11+00:00\",\"breadcrumb\":{\"@id\":\"https:\/\/www.tornosabogados.com\/ca\/contratacion-publica-novedades-en-las-concesiones-para-la-promocion-de-vivienda-social-en-suelo-publico\/#breadcrumb\"},\"inLanguage\":\"ca-ES\",\"potentialAction\":[{\"@type\":\"ReadAction\",\"target\":[\"https:\/\/www.tornosabogados.com\/ca\/contratacion-publica-novedades-en-las-concesiones-para-la-promocion-de-vivienda-social-en-suelo-publico\/\"]}]},{\"@type\":\"BreadcrumbList\",\"@id\":\"https:\/\/www.tornosabogados.com\/ca\/contratacion-publica-novedades-en-las-concesiones-para-la-promocion-de-vivienda-social-en-suelo-publico\/#breadcrumb\",\"itemListElement\":[{\"@type\":\"ListItem\",\"position\":1,\"name\":\"Portada\",\"item\":\"https:\/\/www.tornosabogados.com\/ca\/\"},{\"@type\":\"ListItem\",\"position\":2,\"name\":\"CONTRATACI\u00d3N P\u00daBLICA-Novedades en las concesiones para la promoci\u00f3n de vivienda social en suelo p\u00fablico\"}]},{\"@type\":\"WebSite\",\"@id\":\"https:\/\/www.tornosabogados.com\/ca\/#website\",\"url\":\"https:\/\/www.tornosabogados.com\/ca\/\",\"name\":\"Tornos Abogados\",\"description\":\"Referentes en derecho administrativo\",\"publisher\":{\"@id\":\"https:\/\/www.tornosabogados.com\/ca\/#organization\"},\"potentialAction\":[{\"@type\":\"SearchAction\",\"target\":{\"@type\":\"EntryPoint\",\"urlTemplate\":\"https:\/\/www.tornosabogados.com\/ca\/?s={search_term_string}\"},\"query-input\":\"required name=search_term_string\"}],\"inLanguage\":\"ca-ES\"},{\"@type\":\"Organization\",\"@id\":\"https:\/\/www.tornosabogados.com\/ca\/#organization\",\"name\":\"Tornos Abogados\",\"url\":\"https:\/\/www.tornosabogados.com\/ca\/\",\"logo\":{\"@type\":\"ImageObject\",\"inLanguage\":\"ca-ES\",\"@id\":\"https:\/\/www.tornosabogados.com\/ca\/#\/schema\/logo\/image\/\",\"url\":\"https:\/\/www.tornosabogados.com\/wp-content\/uploads\/2020\/11\/tornos-1.png\",\"contentUrl\":\"https:\/\/www.tornosabogados.com\/wp-content\/uploads\/2020\/11\/tornos-1.png\",\"width\":451,\"height\":194,\"caption\":\"Tornos Abogados\"},\"image\":{\"@id\":\"https:\/\/www.tornosabogados.com\/ca\/#\/schema\/logo\/image\/\"}},{\"@type\":\"Person\",\"@id\":\"https:\/\/www.tornosabogados.com\/ca\/#\/schema\/person\/318ca497d8c39816b99d827eb4492a97\",\"name\":\"Tornos Abogados\",\"image\":{\"@type\":\"ImageObject\",\"inLanguage\":\"ca-ES\",\"@id\":\"https:\/\/www.tornosabogados.com\/ca\/#\/schema\/person\/image\/\",\"url\":\"https:\/\/secure.gravatar.com\/avatar\/806fee0fecf2bb1ca47e28be74aeac68?s=96&d=mm&r=g\",\"contentUrl\":\"https:\/\/secure.gravatar.com\/avatar\/806fee0fecf2bb1ca47e28be74aeac68?s=96&d=mm&r=g\",\"caption\":\"Tornos Abogados\"}}]}<\/script>\n<!-- \/ Yoast SEO plugin. -->","yoast_head_json":{"title":"CONTRATACI\u00d3N P\u00daBLICA-Novedades en las concesiones para la promoci\u00f3n de vivienda social en suelo p\u00fablico - Tornos","robots":{"index":"index","follow":"follow","max-snippet":"max-snippet:-1","max-image-preview":"max-image-preview:large","max-video-preview":"max-video-preview:-1"},"canonical":"https:\/\/www.tornosabogados.com\/ca\/contratacion-publica-novedades-en-las-concesiones-para-la-promocion-de-vivienda-social-en-suelo-publico\/","og_locale":"ca_ES","og_type":"article","og_title":"CONTRATACI\u00d3N P\u00daBLICA-Novedades en las concesiones para la promoci\u00f3n de vivienda social en suelo p\u00fablico - Tornos","og_description":"El Real Decreto-ley 7\/2026, de 20 de marzo, por el que se aprueba el Plan Integral de Respuesta a la Crisis en Oriente Medio, introduce una modificaci\u00f3n relevante de la Ley 9\/2017, de 8 de noviembre, de Contratos del Sector P\u00fablico (LCSP). Estas novedades que a continuaci\u00f3n exponemos fueron introducidas en la LCSP mediante el [&hellip;]","og_url":"https:\/\/www.tornosabogados.com\/ca\/contratacion-publica-novedades-en-las-concesiones-para-la-promocion-de-vivienda-social-en-suelo-publico\/","og_site_name":"Tornos","article_published_time":"2026-04-16T08:39:04+00:00","article_modified_time":"2026-04-16T10:22:11+00:00","og_image":[{"width":1500,"height":1000,"url":"https:\/\/www.tornosabogados.com\/wp-content\/uploads\/2026\/04\/Newsletter-Disposicio-addicional-57-LCSP_foto.jpg","type":"image\/jpeg"}],"author":"Tornos Abogados","twitter_card":"summary_large_image","twitter_misc":{"Written by":"Tornos Abogados","Est. reading time":"2 minutes"},"schema":{"@context":"https:\/\/schema.org","@graph":[{"@type":"Article","@id":"https:\/\/www.tornosabogados.com\/ca\/contratacion-publica-novedades-en-las-concesiones-para-la-promocion-de-vivienda-social-en-suelo-publico\/#article","isPartOf":{"@id":"https:\/\/www.tornosabogados.com\/ca\/contratacion-publica-novedades-en-las-concesiones-para-la-promocion-de-vivienda-social-en-suelo-publico\/"},"author":{"name":"Tornos Abogados","@id":"https:\/\/www.tornosabogados.com\/ca\/#\/schema\/person\/318ca497d8c39816b99d827eb4492a97"},"headline":"CONTRATACI\u00d3N P\u00daBLICA-Novedades en las concesiones para la promoci\u00f3n de vivienda social en suelo p\u00fablico","datePublished":"2026-04-16T08:39:04+00:00","dateModified":"2026-04-16T10:22:11+00:00","mainEntityOfPage":{"@id":"https:\/\/www.tornosabogados.com\/ca\/contratacion-publica-novedades-en-las-concesiones-para-la-promocion-de-vivienda-social-en-suelo-publico\/"},"wordCount":638,"publisher":{"@id":"https:\/\/www.tornosabogados.com\/ca\/#organization"},"articleSection":["Comentarios legales"],"inLanguage":"ca-ES"},{"@type":"WebPage","@id":"https:\/\/www.tornosabogados.com\/ca\/contratacion-publica-novedades-en-las-concesiones-para-la-promocion-de-vivienda-social-en-suelo-publico\/","url":"https:\/\/www.tornosabogados.com\/ca\/contratacion-publica-novedades-en-las-concesiones-para-la-promocion-de-vivienda-social-en-suelo-publico\/","name":"CONTRATACI\u00d3N P\u00daBLICA-Novedades en las concesiones para la promoci\u00f3n de vivienda social en suelo p\u00fablico - Tornos","isPartOf":{"@id":"https:\/\/www.tornosabogados.com\/ca\/#website"},"datePublished":"2026-04-16T08:39:04+00:00","dateModified":"2026-04-16T10:22:11+00:00","breadcrumb":{"@id":"https:\/\/www.tornosabogados.com\/ca\/contratacion-publica-novedades-en-las-concesiones-para-la-promocion-de-vivienda-social-en-suelo-publico\/#breadcrumb"},"inLanguage":"ca-ES","potentialAction":[{"@type":"ReadAction","target":["https:\/\/www.tornosabogados.com\/ca\/contratacion-publica-novedades-en-las-concesiones-para-la-promocion-de-vivienda-social-en-suelo-publico\/"]}]},{"@type":"BreadcrumbList","@id":"https:\/\/www.tornosabogados.com\/ca\/contratacion-publica-novedades-en-las-concesiones-para-la-promocion-de-vivienda-social-en-suelo-publico\/#breadcrumb","itemListElement":[{"@type":"ListItem","position":1,"name":"Portada","item":"https:\/\/www.tornosabogados.com\/ca\/"},{"@type":"ListItem","position":2,"name":"CONTRATACI\u00d3N P\u00daBLICA-Novedades en las concesiones para la promoci\u00f3n de vivienda social en suelo p\u00fablico"}]},{"@type":"WebSite","@id":"https:\/\/www.tornosabogados.com\/ca\/#website","url":"https:\/\/www.tornosabogados.com\/ca\/","name":"Tornos Abogados","description":"Referentes en derecho administrativo","publisher":{"@id":"https:\/\/www.tornosabogados.com\/ca\/#organization"},"potentialAction":[{"@type":"SearchAction","target":{"@type":"EntryPoint","urlTemplate":"https:\/\/www.tornosabogados.com\/ca\/?s={search_term_string}"},"query-input":"required name=search_term_string"}],"inLanguage":"ca-ES"},{"@type":"Organization","@id":"https:\/\/www.tornosabogados.com\/ca\/#organization","name":"Tornos Abogados","url":"https:\/\/www.tornosabogados.com\/ca\/","logo":{"@type":"ImageObject","inLanguage":"ca-ES","@id":"https:\/\/www.tornosabogados.com\/ca\/#\/schema\/logo\/image\/","url":"https:\/\/www.tornosabogados.com\/wp-content\/uploads\/2020\/11\/tornos-1.png","contentUrl":"https:\/\/www.tornosabogados.com\/wp-content\/uploads\/2020\/11\/tornos-1.png","width":451,"height":194,"caption":"Tornos Abogados"},"image":{"@id":"https:\/\/www.tornosabogados.com\/ca\/#\/schema\/logo\/image\/"}},{"@type":"Person","@id":"https:\/\/www.tornosabogados.com\/ca\/#\/schema\/person\/318ca497d8c39816b99d827eb4492a97","name":"Tornos Abogados","image":{"@type":"ImageObject","inLanguage":"ca-ES","@id":"https:\/\/www.tornosabogados.com\/ca\/#\/schema\/person\/image\/","url":"https:\/\/secure.gravatar.com\/avatar\/806fee0fecf2bb1ca47e28be74aeac68?s=96&d=mm&r=g","contentUrl":"https:\/\/secure.gravatar.com\/avatar\/806fee0fecf2bb1ca47e28be74aeac68?s=96&d=mm&r=g","caption":"Tornos Abogados"}}]}},"_links":{"self":[{"href":"https:\/\/www.tornosabogados.com\/ca\/wp-json\/wp\/v2\/posts\/15707"}],"collection":[{"href":"https:\/\/www.tornosabogados.com\/ca\/wp-json\/wp\/v2\/posts"}],"about":[{"href":"https:\/\/www.tornosabogados.com\/ca\/wp-json\/wp\/v2\/types\/post"}],"author":[{"embeddable":true,"href":"https:\/\/www.tornosabogados.com\/ca\/wp-json\/wp\/v2\/users\/1"}],"replies":[{"embeddable":true,"href":"https:\/\/www.tornosabogados.com\/ca\/wp-json\/wp\/v2\/comments?post=15707"}],"version-history":[{"count":4,"href":"https:\/\/www.tornosabogados.com\/ca\/wp-json\/wp\/v2\/posts\/15707\/revisions"}],"predecessor-version":[{"id":15714,"href":"https:\/\/www.tornosabogados.com\/ca\/wp-json\/wp\/v2\/posts\/15707\/revisions\/15714"}],"wp:featuredmedia":[{"embeddable":true,"href":"https:\/\/www.tornosabogados.com\/ca\/wp-json\/wp\/v2\/media\/15708"}],"wp:attachment":[{"href":"https:\/\/www.tornosabogados.com\/ca\/wp-json\/wp\/v2\/media?parent=15707"}],"wp:term":[{"taxonomy":"category","embeddable":true,"href":"https:\/\/www.tornosabogados.com\/ca\/wp-json\/wp\/v2\/categories?post=15707"},{"taxonomy":"post_tag","embeddable":true,"href":"https:\/\/www.tornosabogados.com\/ca\/wp-json\/wp\/v2\/tags?post=15707"},{"taxonomy":"boletin","embeddable":true,"href":"https:\/\/www.tornosabogados.com\/ca\/wp-json\/wp\/v2\/boletin?post=15707"},{"taxonomy":"articulo-lcsp","embeddable":true,"href":"https:\/\/www.tornosabogados.com\/ca\/wp-json\/wp\/v2\/articulo-lcsp?post=15707"}],"curies":[{"name":"wp","href":"https:\/\/api.w.org\/{rel}","templated":true}]}}