{"id":15038,"date":"2025-07-29T15:50:14","date_gmt":"2025-07-29T13:50:14","guid":{"rendered":"https:\/\/www.tornosabogados.com\/?p=15038"},"modified":"2025-07-29T17:55:59","modified_gmt":"2025-07-29T15:55:59","slug":"alfredo-galan-se-suma-a-tornos-abogados-como-consejero-academico","status":"publish","type":"post","link":"https:\/\/www.tornosabogados.com\/en\/alfredo-galan-se-suma-a-tornos-abogados-como-consejero-academico\/","title":{"rendered":"Alfredo Gal\u00e1n se suma a Tornos Abogados como Consejero Acad\u00e9mico"},"content":{"rendered":"<p class=\"tit_cursiva\" style=\"text-align: justify;\">Tornos Abogados refuerza su trayectoria de crecimiento con la incorporaci\u00f3n del Dr. Alfredo Gal\u00e1n como Consejero Acad\u00e9mico, en una clara apuesta por el talento acad\u00e9mico y la excelencia jur\u00eddica.<\/p>\n<blockquote class=\"bl_fverde_2024\">\n<p style=\"text-align: justify;\">Alfredo es catedr\u00e1tico de Derecho Administrativo en la Universidad de Barcelona, con una s\u00f3lida trayectoria en el \u00e1mbito acad\u00e9mico, institucional y profesional. Su especializaci\u00f3n abarca m\u00faltiples \u00e1reas del Derecho Administrativo y del Derecho de la Uni\u00f3n Europea, con especial atenci\u00f3n al Derecho local, organizaci\u00f3n territorial, contrataci\u00f3n p\u00fablica, colaboraci\u00f3n p\u00fablico-privada, fuentes del Derecho, responsabilidad patrimonial y expropiaci\u00f3n forzosa.<\/p>\n<\/blockquote>\n<p style=\"text-align: justify;\">Alfredo es licenciado en Derecho por la Universidad de Barcelona y Doctor en Derecho por la Universidad de Bolonia con la calificaci\u00f3n de sobresaliente cum laude. Actualmente, es Director de la Fundaci\u00f3n Democracia y Gobierno Local, codirige la Red Acad\u00e9mica Internacional de Control de la Administraci\u00f3n (RAICA) y es presidente de la Secci\u00f3n Espa\u00f1ola de la Asociaci\u00f3n \u00cdtalo-Espa\u00f1ola de Profesores de Derecho Administrativo.<\/p>\n<p style=\"text-align: justify;\">A lo largo de su trayectoria, ha ocupado cargos de relevancia como miembro de la Comisi\u00f3n Jur\u00eddica Asesora de la Generalitat de Catalu\u00f1a, Director del Departamento de Derecho Administrativo, Derecho Procesal y Derecho Financiero y Tributario de la Universidad de Barcelona, y representante espa\u00f1ol en el Grupo de Expertos Independientes sobre la Carta Europea de la Autonom\u00eda Local del Consejo de Europa.<\/p>\n<blockquote class=\"bl_cursiva_2024\">\n<p style=\"text-align: justify;\">La incorporaci\u00f3n del Dr. Alfredo Gal\u00e1n supone un paso m\u00e1s en la consolidaci\u00f3n del equipo de Derecho Administrativo de Tornos Abogados. Su s\u00f3lida trayectoria acad\u00e9mica y su profundo conocimiento jur\u00eddico aportar\u00e1n un valor significativo al crecimiento y evoluci\u00f3n del despacho, y supondr\u00e1n la apertura de una nueva etapa del equipo de Derecho Administrativo de Tornos Abogados.<\/p>\n<\/blockquote>\n<p>El Diario Expansi\u00f3n ha publicado su incorporaci\u00f3n. Ver la\u00a0<a href=\"https:\/\/www.expansion.com\/juridico\/fichajes\/2025\/07\/29\/6887aeca468aeb313d8b4580.html\" target=\"_blank\" rel=\"noopener\"><strong>noticia<\/strong><\/a><\/p>\n<p>&nbsp;<\/p>\n","protected":false},"excerpt":{"rendered":"<p>Tornos Abogados refuerza su trayectoria de crecimiento con la incorporaci\u00f3n del Dr. Alfredo Gal\u00e1n como Consejero Acad\u00e9mico, en una clara apuesta por el talento acad\u00e9mico y la excelencia jur\u00eddica. Alfredo es catedr\u00e1tico de Derecho Administrativo en la Universidad de Barcelona, con una s\u00f3lida trayectoria en el \u00e1mbito acad\u00e9mico, institucional y profesional. Su especializaci\u00f3n abarca m\u00faltiples [&hellip;]<\/p>\n","protected":false},"author":1,"featured_media":15046,"comment_status":"closed","ping_status":"closed","sticky":false,"template":"","format":"standard","meta":[],"categories":[1],"tags":[],"boletin":[],"articulo-lcsp":[],"yoast_head":"<!-- This site is optimized with the Yoast SEO plugin v20.10 - https:\/\/yoast.com\/wordpress\/plugins\/seo\/ -->\n<title>Alfredo Gal\u00e1n se suma a Tornos Abogados<\/title>\n<meta name=\"description\" content=\"Tornos Abogados refuerza su trayectoria de crecimiento con la incorporaci\u00f3n del Dr. Alfredo Gal\u00e1n como Consejero Acad\u00e9mico\" \/>\n<meta name=\"robots\" content=\"index, follow, max-snippet:-1, max-image-preview:large, max-video-preview:-1\" \/>\n<link rel=\"canonical\" href=\"https:\/\/www.tornosabogados.com\/en\/alfredo-galan-se-suma-a-tornos-abogados-como-consejero-academico\/\" \/>\n<meta property=\"og:locale\" content=\"en_US\" \/>\n<meta property=\"og:type\" content=\"article\" \/>\n<meta property=\"og:title\" content=\"Alfredo Gal\u00e1n se suma a Tornos Abogados\" \/>\n<meta property=\"og:description\" content=\"Tornos Abogados refuerza su trayectoria de crecimiento con la incorporaci\u00f3n del Dr. Alfredo Gal\u00e1n como Consejero Acad\u00e9mico\" \/>\n<meta property=\"og:url\" content=\"https:\/\/www.tornosabogados.com\/en\/alfredo-galan-se-suma-a-tornos-abogados-como-consejero-academico\/\" \/>\n<meta property=\"og:site_name\" content=\"Tornos\" \/>\n<meta property=\"article:published_time\" content=\"2025-07-29T13:50:14+00:00\" \/>\n<meta property=\"article:modified_time\" content=\"2025-07-29T15:55:59+00:00\" \/>\n<meta property=\"og:image\" content=\"https:\/\/www.tornosabogados.com\/wp-content\/uploads\/2025\/07\/Foto-Alfredo-Galan_TornosAbogados-1-scaled.jpg\" \/>\n\t<meta property=\"og:image:width\" content=\"2560\" \/>\n\t<meta property=\"og:image:height\" content=\"1918\" \/>\n\t<meta property=\"og:image:type\" content=\"image\/jpeg\" \/>\n<meta name=\"author\" content=\"Tornos Abogados\" \/>\n<meta name=\"twitter:card\" content=\"summary_large_image\" \/>\n<meta name=\"twitter:label1\" content=\"Written by\" \/>\n\t<meta name=\"twitter:data1\" content=\"Tornos Abogados\" \/>\n\t<meta name=\"twitter:label2\" content=\"Est. reading time\" \/>\n\t<meta name=\"twitter:data2\" content=\"1 minute\" \/>\n<script type=\"application\/ld+json\" class=\"yoast-schema-graph\">{\"@context\":\"https:\/\/schema.org\",\"@graph\":[{\"@type\":\"Article\",\"@id\":\"https:\/\/www.tornosabogados.com\/en\/alfredo-galan-se-suma-a-tornos-abogados-como-consejero-academico\/#article\",\"isPartOf\":{\"@id\":\"https:\/\/www.tornosabogados.com\/en\/alfredo-galan-se-suma-a-tornos-abogados-como-consejero-academico\/\"},\"author\":{\"name\":\"Tornos Abogados\",\"@id\":\"https:\/\/www.tornosabogados.com\/en\/#\/schema\/person\/318ca497d8c39816b99d827eb4492a97\"},\"headline\":\"Alfredo Gal\u00e1n se suma a Tornos Abogados como Consejero Acad\u00e9mico\",\"datePublished\":\"2025-07-29T13:50:14+00:00\",\"dateModified\":\"2025-07-29T15:55:59+00:00\",\"mainEntityOfPage\":{\"@id\":\"https:\/\/www.tornosabogados.com\/en\/alfredo-galan-se-suma-a-tornos-abogados-como-consejero-academico\/\"},\"wordCount\":333,\"publisher\":{\"@id\":\"https:\/\/www.tornosabogados.com\/en\/#organization\"},\"articleSection\":[\"Noticias y Cursos\"],\"inLanguage\":\"en-US\"},{\"@type\":\"WebPage\",\"@id\":\"https:\/\/www.tornosabogados.com\/en\/alfredo-galan-se-suma-a-tornos-abogados-como-consejero-academico\/\",\"url\":\"https:\/\/www.tornosabogados.com\/en\/alfredo-galan-se-suma-a-tornos-abogados-como-consejero-academico\/\",\"name\":\"Alfredo Gal\u00e1n se suma a Tornos Abogados\",\"isPartOf\":{\"@id\":\"https:\/\/www.tornosabogados.com\/en\/#website\"},\"datePublished\":\"2025-07-29T13:50:14+00:00\",\"dateModified\":\"2025-07-29T15:55:59+00:00\",\"description\":\"Tornos Abogados refuerza su trayectoria de crecimiento con la incorporaci\u00f3n del Dr. Alfredo Gal\u00e1n como Consejero Acad\u00e9mico\",\"breadcrumb\":{\"@id\":\"https:\/\/www.tornosabogados.com\/en\/alfredo-galan-se-suma-a-tornos-abogados-como-consejero-academico\/#breadcrumb\"},\"inLanguage\":\"en-US\",\"potentialAction\":[{\"@type\":\"ReadAction\",\"target\":[\"https:\/\/www.tornosabogados.com\/en\/alfredo-galan-se-suma-a-tornos-abogados-como-consejero-academico\/\"]}]},{\"@type\":\"BreadcrumbList\",\"@id\":\"https:\/\/www.tornosabogados.com\/en\/alfredo-galan-se-suma-a-tornos-abogados-como-consejero-academico\/#breadcrumb\",\"itemListElement\":[{\"@type\":\"ListItem\",\"position\":1,\"name\":\"Portada\",\"item\":\"https:\/\/www.tornosabogados.com\/en\/\"},{\"@type\":\"ListItem\",\"position\":2,\"name\":\"Alfredo Gal\u00e1n se suma a Tornos Abogados como Consejero Acad\u00e9mico\"}]},{\"@type\":\"WebSite\",\"@id\":\"https:\/\/www.tornosabogados.com\/en\/#website\",\"url\":\"https:\/\/www.tornosabogados.com\/en\/\",\"name\":\"Tornos Abogados\",\"description\":\"Referentes en derecho administrativo\",\"publisher\":{\"@id\":\"https:\/\/www.tornosabogados.com\/en\/#organization\"},\"potentialAction\":[{\"@type\":\"SearchAction\",\"target\":{\"@type\":\"EntryPoint\",\"urlTemplate\":\"https:\/\/www.tornosabogados.com\/en\/?s={search_term_string}\"},\"query-input\":\"required name=search_term_string\"}],\"inLanguage\":\"en-US\"},{\"@type\":\"Organization\",\"@id\":\"https:\/\/www.tornosabogados.com\/en\/#organization\",\"name\":\"Tornos Abogados\",\"url\":\"https:\/\/www.tornosabogados.com\/en\/\",\"logo\":{\"@type\":\"ImageObject\",\"inLanguage\":\"en-US\",\"@id\":\"https:\/\/www.tornosabogados.com\/en\/#\/schema\/logo\/image\/\",\"url\":\"https:\/\/www.tornosabogados.com\/wp-content\/uploads\/2020\/11\/tornos-1.png\",\"contentUrl\":\"https:\/\/www.tornosabogados.com\/wp-content\/uploads\/2020\/11\/tornos-1.png\",\"width\":451,\"height\":194,\"caption\":\"Tornos Abogados\"},\"image\":{\"@id\":\"https:\/\/www.tornosabogados.com\/en\/#\/schema\/logo\/image\/\"}},{\"@type\":\"Person\",\"@id\":\"https:\/\/www.tornosabogados.com\/en\/#\/schema\/person\/318ca497d8c39816b99d827eb4492a97\",\"name\":\"Tornos Abogados\",\"image\":{\"@type\":\"ImageObject\",\"inLanguage\":\"en-US\",\"@id\":\"https:\/\/www.tornosabogados.com\/en\/#\/schema\/person\/image\/\",\"url\":\"https:\/\/secure.gravatar.com\/avatar\/806fee0fecf2bb1ca47e28be74aeac68?s=96&d=mm&r=g\",\"contentUrl\":\"https:\/\/secure.gravatar.com\/avatar\/806fee0fecf2bb1ca47e28be74aeac68?s=96&d=mm&r=g\",\"caption\":\"Tornos Abogados\"}}]}<\/script>\n<!-- \/ Yoast SEO plugin. -->","yoast_head_json":{"title":"Alfredo Gal\u00e1n se suma a Tornos Abogados","description":"Tornos Abogados refuerza su trayectoria de crecimiento con la incorporaci\u00f3n del Dr. Alfredo Gal\u00e1n como Consejero Acad\u00e9mico","robots":{"index":"index","follow":"follow","max-snippet":"max-snippet:-1","max-image-preview":"max-image-preview:large","max-video-preview":"max-video-preview:-1"},"canonical":"https:\/\/www.tornosabogados.com\/en\/alfredo-galan-se-suma-a-tornos-abogados-como-consejero-academico\/","og_locale":"en_US","og_type":"article","og_title":"Alfredo Gal\u00e1n se suma a Tornos Abogados","og_description":"Tornos Abogados refuerza su trayectoria de crecimiento con la incorporaci\u00f3n del Dr. Alfredo Gal\u00e1n como Consejero Acad\u00e9mico","og_url":"https:\/\/www.tornosabogados.com\/en\/alfredo-galan-se-suma-a-tornos-abogados-como-consejero-academico\/","og_site_name":"Tornos","article_published_time":"2025-07-29T13:50:14+00:00","article_modified_time":"2025-07-29T15:55:59+00:00","og_image":[{"width":2560,"height":1918,"url":"https:\/\/www.tornosabogados.com\/wp-content\/uploads\/2025\/07\/Foto-Alfredo-Galan_TornosAbogados-1-scaled.jpg","type":"image\/jpeg"}],"author":"Tornos Abogados","twitter_card":"summary_large_image","twitter_misc":{"Written by":"Tornos Abogados","Est. reading time":"1 minute"},"schema":{"@context":"https:\/\/schema.org","@graph":[{"@type":"Article","@id":"https:\/\/www.tornosabogados.com\/en\/alfredo-galan-se-suma-a-tornos-abogados-como-consejero-academico\/#article","isPartOf":{"@id":"https:\/\/www.tornosabogados.com\/en\/alfredo-galan-se-suma-a-tornos-abogados-como-consejero-academico\/"},"author":{"name":"Tornos Abogados","@id":"https:\/\/www.tornosabogados.com\/en\/#\/schema\/person\/318ca497d8c39816b99d827eb4492a97"},"headline":"Alfredo Gal\u00e1n se suma a Tornos Abogados como Consejero Acad\u00e9mico","datePublished":"2025-07-29T13:50:14+00:00","dateModified":"2025-07-29T15:55:59+00:00","mainEntityOfPage":{"@id":"https:\/\/www.tornosabogados.com\/en\/alfredo-galan-se-suma-a-tornos-abogados-como-consejero-academico\/"},"wordCount":333,"publisher":{"@id":"https:\/\/www.tornosabogados.com\/en\/#organization"},"articleSection":["Noticias y Cursos"],"inLanguage":"en-US"},{"@type":"WebPage","@id":"https:\/\/www.tornosabogados.com\/en\/alfredo-galan-se-suma-a-tornos-abogados-como-consejero-academico\/","url":"https:\/\/www.tornosabogados.com\/en\/alfredo-galan-se-suma-a-tornos-abogados-como-consejero-academico\/","name":"Alfredo Gal\u00e1n se suma a Tornos Abogados","isPartOf":{"@id":"https:\/\/www.tornosabogados.com\/en\/#website"},"datePublished":"2025-07-29T13:50:14+00:00","dateModified":"2025-07-29T15:55:59+00:00","description":"Tornos Abogados refuerza su trayectoria de crecimiento con la incorporaci\u00f3n del Dr. Alfredo Gal\u00e1n como Consejero Acad\u00e9mico","breadcrumb":{"@id":"https:\/\/www.tornosabogados.com\/en\/alfredo-galan-se-suma-a-tornos-abogados-como-consejero-academico\/#breadcrumb"},"inLanguage":"en-US","potentialAction":[{"@type":"ReadAction","target":["https:\/\/www.tornosabogados.com\/en\/alfredo-galan-se-suma-a-tornos-abogados-como-consejero-academico\/"]}]},{"@type":"BreadcrumbList","@id":"https:\/\/www.tornosabogados.com\/en\/alfredo-galan-se-suma-a-tornos-abogados-como-consejero-academico\/#breadcrumb","itemListElement":[{"@type":"ListItem","position":1,"name":"Portada","item":"https:\/\/www.tornosabogados.com\/en\/"},{"@type":"ListItem","position":2,"name":"Alfredo Gal\u00e1n se suma a Tornos Abogados como Consejero Acad\u00e9mico"}]},{"@type":"WebSite","@id":"https:\/\/www.tornosabogados.com\/en\/#website","url":"https:\/\/www.tornosabogados.com\/en\/","name":"Tornos Abogados","description":"Referentes en derecho administrativo","publisher":{"@id":"https:\/\/www.tornosabogados.com\/en\/#organization"},"potentialAction":[{"@type":"SearchAction","target":{"@type":"EntryPoint","urlTemplate":"https:\/\/www.tornosabogados.com\/en\/?s={search_term_string}"},"query-input":"required name=search_term_string"}],"inLanguage":"en-US"},{"@type":"Organization","@id":"https:\/\/www.tornosabogados.com\/en\/#organization","name":"Tornos Abogados","url":"https:\/\/www.tornosabogados.com\/en\/","logo":{"@type":"ImageObject","inLanguage":"en-US","@id":"https:\/\/www.tornosabogados.com\/en\/#\/schema\/logo\/image\/","url":"https:\/\/www.tornosabogados.com\/wp-content\/uploads\/2020\/11\/tornos-1.png","contentUrl":"https:\/\/www.tornosabogados.com\/wp-content\/uploads\/2020\/11\/tornos-1.png","width":451,"height":194,"caption":"Tornos Abogados"},"image":{"@id":"https:\/\/www.tornosabogados.com\/en\/#\/schema\/logo\/image\/"}},{"@type":"Person","@id":"https:\/\/www.tornosabogados.com\/en\/#\/schema\/person\/318ca497d8c39816b99d827eb4492a97","name":"Tornos Abogados","image":{"@type":"ImageObject","inLanguage":"en-US","@id":"https:\/\/www.tornosabogados.com\/en\/#\/schema\/person\/image\/","url":"https:\/\/secure.gravatar.com\/avatar\/806fee0fecf2bb1ca47e28be74aeac68?s=96&d=mm&r=g","contentUrl":"https:\/\/secure.gravatar.com\/avatar\/806fee0fecf2bb1ca47e28be74aeac68?s=96&d=mm&r=g","caption":"Tornos Abogados"}}]}},"_links":{"self":[{"href":"https:\/\/www.tornosabogados.com\/en\/wp-json\/wp\/v2\/posts\/15038"}],"collection":[{"href":"https:\/\/www.tornosabogados.com\/en\/wp-json\/wp\/v2\/posts"}],"about":[{"href":"https:\/\/www.tornosabogados.com\/en\/wp-json\/wp\/v2\/types\/post"}],"author":[{"embeddable":true,"href":"https:\/\/www.tornosabogados.com\/en\/wp-json\/wp\/v2\/users\/1"}],"replies":[{"embeddable":true,"href":"https:\/\/www.tornosabogados.com\/en\/wp-json\/wp\/v2\/comments?post=15038"}],"version-history":[{"count":5,"href":"https:\/\/www.tornosabogados.com\/en\/wp-json\/wp\/v2\/posts\/15038\/revisions"}],"predecessor-version":[{"id":15049,"href":"https:\/\/www.tornosabogados.com\/en\/wp-json\/wp\/v2\/posts\/15038\/revisions\/15049"}],"wp:featuredmedia":[{"embeddable":true,"href":"https:\/\/www.tornosabogados.com\/en\/wp-json\/wp\/v2\/media\/15046"}],"wp:attachment":[{"href":"https:\/\/www.tornosabogados.com\/en\/wp-json\/wp\/v2\/media?parent=15038"}],"wp:term":[{"taxonomy":"category","embeddable":true,"href":"https:\/\/www.tornosabogados.com\/en\/wp-json\/wp\/v2\/categories?post=15038"},{"taxonomy":"post_tag","embeddable":true,"href":"https:\/\/www.tornosabogados.com\/en\/wp-json\/wp\/v2\/tags?post=15038"},{"taxonomy":"boletin","embeddable":true,"href":"https:\/\/www.tornosabogados.com\/en\/wp-json\/wp\/v2\/boletin?post=15038"},{"taxonomy":"articulo-lcsp","embeddable":true,"href":"https:\/\/www.tornosabogados.com\/en\/wp-json\/wp\/v2\/articulo-lcsp?post=15038"}],"curies":[{"name":"wp","href":"https:\/\/api.w.org\/{rel}","templated":true}]}}