{"id":15160,"date":"2025-10-09T09:39:08","date_gmt":"2025-10-09T07:39:08","guid":{"rendered":"https:\/\/www.tornosabogados.com\/?p=15160"},"modified":"2025-10-09T11:05:40","modified_gmt":"2025-10-09T09:05:40","slug":"15160-2","status":"publish","type":"post","link":"https:\/\/www.tornosabogados.com\/en\/15160-2\/","title":{"rendered":"Publicado el nuevo n\u00famero del Observatorio del Ciclo del Agua relativo al a\u00f1o 2024"},"content":{"rendered":"<p style=\"text-align: justify;\">Un proyecto que cumple su 7\u00aa edici\u00f3n bajo la direcci\u00f3n de <a href=\"https:\/\/www.tornosabogados.com\/profesional\/dr-joaquin-tornos-mas\/\" target=\"_blank\" rel=\"noopener\">Joaqu\u00edn Tornos Mas<\/a> e integrado dentro de la C\u00e1tedra Derecho de la Regulaci\u00f3n de los Servicios P\u00fablicos de la Facultad de Derecho de la Universitat de Barcelona. Una obra publicada por Atelier, en acceso libre en su edici\u00f3n digital, que <strong>tiene por objeto analizar las cuestiones m\u00e1s relevantes del sector urbano del agua en diversos pa\u00edses y el estudio de diversos \u00e1mbitos espec\u00edficos de inter\u00e9s.<\/strong><\/p>\n<p style=\"text-align: justify;\">Una publicaci\u00f3n tambi\u00e9n dirigida por Teresa M. Navarro Caballero, Estanislao Arana Garc\u00eda y J<a href=\"https:\/\/www.tornosabogados.com\/profesional\/joan-perdigo-sola\/\" target=\"_blank\" rel=\"noopener\">oan Perdig\u00f3 Sol\u00e0<\/a> y coordinada por Iv\u00e1n Rodr\u00edguez Florido.<\/p>\n<p style=\"text-align: justify;\">Este a\u00f1o se pueden encontrar hasta un total de ocho cr\u00f3nicas de distintos pa\u00edses: (i) Australia: dirigida por Cameron Holley de la UNSW de Sidney; (ii) Chile: por Christian Rojas Calder\u00f3n de la Universidad de Valpara\u00edso, (iii) Colombia: por Alberto Monta\u00f1a, de la Universidad Externado; (iv) Estados Unidos, por Cara Cunningham Warren, de la Universidad de Detroit Mercy; (v) Espa\u00f1a: por Joaqu\u00edn Tornos de la Universidad de Barcelona; (vi) Francia: dirigida por Jean-Claude N\u00e9mery de la Universit\u00e9 de Reims Champagne-Ardenne; (vii) Italia: dirigida por Fabrizio Fracchia de la Universit\u00e0 Bocconi; (viii) Per\u00fa: por Alberto Cairampoma de la Pontificia Universidad Cat\u00f3lica del Per\u00fa; (ix) Portugal: por Jo\u00e3o Miranda de la Universidade de Lisboa.<\/p>\n<p style=\"text-align: justify;\">Adem\u00e1s, incluye cuatro estudios monogr\u00e1ficos del sector elaborados por: (i) Samuel Reyes, consultor experto en medio ambiente y servicios p\u00fablicos. Exdirector de la Agencia Catalana del Agua sobre \u201cla gesti\u00f3n de las crisis clim\u00e1ticas y la sequ\u00eda en Catalunya\u201d; (ii) Rub\u00e9n Mart\u00ednez Guti\u00e9rrez, de la Universidad de Alicante, sobre la aplicaci\u00f3n de la inteligencia artificial en la gesti\u00f3n del ciclo integral del agua; (iii) Sof\u00eda Salgado, de la Universitat Rovira i Virgili, sobre el alcance de los informes de los organismos de cuenca sobre actos y planes de las Comunidades Aut\u00f3nomas y entidades locales; (iv) M\u00aa Purificaci\u00f3n Rubio, de la Universidad de Granada, sobre la reutilizaci\u00f3n del agua como servicio p\u00fablico; y (v) Joan Perdig\u00f3 Sol\u00e0, consejero profesional en Tornos Abogados, sobre la obsolescencia de la reserva de servicios esenciales en la ley reguladora de las bases del r\u00e9gimen local, con la excepci\u00f3n de determinados servicios de abastecimiento de agua.<\/p>\n<p><a href=\"https:\/\/atelieropenaccess.com\/products\/observatorio-del-ciclo-del-agua-2024\" target=\"_blank\" rel=\"noopener\">Acceso libre a la edici\u00f3n digital<\/a><\/p>\n<p style=\"text-align: justify;\"><a href=\"https:\/\/www.tornosabogados.com\/wp-content\/uploads\/2025\/10\/Foto-Observatorio-Ciclo-Agua-2024-1.webp\" rel=\"nofollow\"><img decoding=\"async\" loading=\"lazy\" class=\"wp-image-15183 aligncenter\" src=\"https:\/\/www.tornosabogados.com\/wp-content\/uploads\/2025\/10\/Foto-Observatorio-Ciclo-Agua-2024-1.webp\" alt=\"\" width=\"401\" height=\"570\" srcset=\"https:\/\/www.tornosabogados.com\/wp-content\/uploads\/2025\/10\/Foto-Observatorio-Ciclo-Agua-2024-1.webp 610w, https:\/\/www.tornosabogados.com\/wp-content\/uploads\/2025\/10\/Foto-Observatorio-Ciclo-Agua-2024-1-211x300.webp 211w\" sizes=\"(max-width: 401px) 100vw, 401px\" \/><\/a><\/p>\n","protected":false},"excerpt":{"rendered":"<p>Un proyecto que cumple su 7\u00aa edici\u00f3n bajo la direcci\u00f3n de Joaqu\u00edn Tornos Mas e integrado dentro de la C\u00e1tedra Derecho de la Regulaci\u00f3n de los Servicios P\u00fablicos de la Facultad de Derecho de la Universitat de Barcelona. Una obra publicada por Atelier, en acceso libre en su edici\u00f3n digital, que tiene por objeto analizar [&hellip;]<\/p>\n","protected":false},"author":1,"featured_media":15186,"comment_status":"closed","ping_status":"closed","sticky":false,"template":"","format":"standard","meta":[],"categories":[8],"tags":[],"boletin":[],"articulo-lcsp":[],"yoast_head":"<!-- This site is optimized with the Yoast SEO plugin v20.10 - https:\/\/yoast.com\/wordpress\/plugins\/seo\/ -->\n<title>Publicado el nuevo n\u00famero del Observatorio del Ciclo del Agua relativo al a\u00f1o 2024 - Tornos<\/title>\n<meta name=\"robots\" content=\"index, follow, max-snippet:-1, max-image-preview:large, max-video-preview:-1\" \/>\n<link rel=\"canonical\" href=\"https:\/\/www.tornosabogados.com\/en\/15160-2\/\" \/>\n<meta property=\"og:locale\" content=\"en_US\" \/>\n<meta property=\"og:type\" content=\"article\" \/>\n<meta property=\"og:title\" content=\"Publicado el nuevo n\u00famero del Observatorio del Ciclo del Agua relativo al a\u00f1o 2024 - Tornos\" \/>\n<meta property=\"og:description\" content=\"Un proyecto que cumple su 7\u00aa edici\u00f3n bajo la direcci\u00f3n de Joaqu\u00edn Tornos Mas e integrado dentro de la C\u00e1tedra Derecho de la Regulaci\u00f3n de los Servicios P\u00fablicos de la Facultad de Derecho de la Universitat de Barcelona. Una obra publicada por Atelier, en acceso libre en su edici\u00f3n digital, que tiene por objeto analizar [&hellip;]\" \/>\n<meta property=\"og:url\" content=\"https:\/\/www.tornosabogados.com\/en\/15160-2\/\" \/>\n<meta property=\"og:site_name\" content=\"Tornos\" \/>\n<meta property=\"article:published_time\" content=\"2025-10-09T07:39:08+00:00\" \/>\n<meta property=\"article:modified_time\" content=\"2025-10-09T09:05:40+00:00\" \/>\n<meta property=\"og:image\" content=\"https:\/\/www.tornosabogados.com\/wp-content\/uploads\/2025\/10\/Libro-Ciclo-agua-foto-para-inicio-noticia.jpg\" \/>\n\t<meta property=\"og:image:width\" content=\"1500\" \/>\n\t<meta property=\"og:image:height\" content=\"1001\" \/>\n\t<meta property=\"og:image:type\" content=\"image\/jpeg\" \/>\n<meta name=\"author\" content=\"Tornos Abogados\" \/>\n<meta name=\"twitter:card\" content=\"summary_large_image\" \/>\n<meta name=\"twitter:label1\" content=\"Written by\" \/>\n\t<meta name=\"twitter:data1\" content=\"Tornos Abogados\" \/>\n\t<meta name=\"twitter:label2\" content=\"Est. reading time\" \/>\n\t<meta name=\"twitter:data2\" content=\"2 minutes\" \/>\n<script type=\"application\/ld+json\" class=\"yoast-schema-graph\">{\"@context\":\"https:\/\/schema.org\",\"@graph\":[{\"@type\":\"Article\",\"@id\":\"https:\/\/www.tornosabogados.com\/en\/15160-2\/#article\",\"isPartOf\":{\"@id\":\"https:\/\/www.tornosabogados.com\/en\/15160-2\/\"},\"author\":{\"name\":\"Tornos Abogados\",\"@id\":\"https:\/\/www.tornosabogados.com\/en\/#\/schema\/person\/318ca497d8c39816b99d827eb4492a97\"},\"headline\":\"Publicado el nuevo n\u00famero del Observatorio del Ciclo del Agua relativo al a\u00f1o 2024\",\"datePublished\":\"2025-10-09T07:39:08+00:00\",\"dateModified\":\"2025-10-09T09:05:40+00:00\",\"mainEntityOfPage\":{\"@id\":\"https:\/\/www.tornosabogados.com\/en\/15160-2\/\"},\"wordCount\":426,\"publisher\":{\"@id\":\"https:\/\/www.tornosabogados.com\/en\/#organization\"},\"articleSection\":[\"Publicaciones\"],\"inLanguage\":\"en-US\"},{\"@type\":\"WebPage\",\"@id\":\"https:\/\/www.tornosabogados.com\/en\/15160-2\/\",\"url\":\"https:\/\/www.tornosabogados.com\/en\/15160-2\/\",\"name\":\"Publicado el nuevo n\u00famero del Observatorio del Ciclo del Agua relativo al a\u00f1o 2024 - Tornos\",\"isPartOf\":{\"@id\":\"https:\/\/www.tornosabogados.com\/en\/#website\"},\"datePublished\":\"2025-10-09T07:39:08+00:00\",\"dateModified\":\"2025-10-09T09:05:40+00:00\",\"breadcrumb\":{\"@id\":\"https:\/\/www.tornosabogados.com\/en\/15160-2\/#breadcrumb\"},\"inLanguage\":\"en-US\",\"potentialAction\":[{\"@type\":\"ReadAction\",\"target\":[\"https:\/\/www.tornosabogados.com\/en\/15160-2\/\"]}]},{\"@type\":\"BreadcrumbList\",\"@id\":\"https:\/\/www.tornosabogados.com\/en\/15160-2\/#breadcrumb\",\"itemListElement\":[{\"@type\":\"ListItem\",\"position\":1,\"name\":\"Portada\",\"item\":\"https:\/\/www.tornosabogados.com\/en\/\"},{\"@type\":\"ListItem\",\"position\":2,\"name\":\"Publicado el nuevo n\u00famero del Observatorio del Ciclo del Agua relativo al a\u00f1o 2024\"}]},{\"@type\":\"WebSite\",\"@id\":\"https:\/\/www.tornosabogados.com\/en\/#website\",\"url\":\"https:\/\/www.tornosabogados.com\/en\/\",\"name\":\"Tornos Abogados\",\"description\":\"Referentes en derecho administrativo\",\"publisher\":{\"@id\":\"https:\/\/www.tornosabogados.com\/en\/#organization\"},\"potentialAction\":[{\"@type\":\"SearchAction\",\"target\":{\"@type\":\"EntryPoint\",\"urlTemplate\":\"https:\/\/www.tornosabogados.com\/en\/?s={search_term_string}\"},\"query-input\":\"required name=search_term_string\"}],\"inLanguage\":\"en-US\"},{\"@type\":\"Organization\",\"@id\":\"https:\/\/www.tornosabogados.com\/en\/#organization\",\"name\":\"Tornos Abogados\",\"url\":\"https:\/\/www.tornosabogados.com\/en\/\",\"logo\":{\"@type\":\"ImageObject\",\"inLanguage\":\"en-US\",\"@id\":\"https:\/\/www.tornosabogados.com\/en\/#\/schema\/logo\/image\/\",\"url\":\"https:\/\/www.tornosabogados.com\/wp-content\/uploads\/2020\/11\/tornos-1.png\",\"contentUrl\":\"https:\/\/www.tornosabogados.com\/wp-content\/uploads\/2020\/11\/tornos-1.png\",\"width\":451,\"height\":194,\"caption\":\"Tornos Abogados\"},\"image\":{\"@id\":\"https:\/\/www.tornosabogados.com\/en\/#\/schema\/logo\/image\/\"}},{\"@type\":\"Person\",\"@id\":\"https:\/\/www.tornosabogados.com\/en\/#\/schema\/person\/318ca497d8c39816b99d827eb4492a97\",\"name\":\"Tornos Abogados\",\"image\":{\"@type\":\"ImageObject\",\"inLanguage\":\"en-US\",\"@id\":\"https:\/\/www.tornosabogados.com\/en\/#\/schema\/person\/image\/\",\"url\":\"https:\/\/secure.gravatar.com\/avatar\/806fee0fecf2bb1ca47e28be74aeac68?s=96&d=mm&r=g\",\"contentUrl\":\"https:\/\/secure.gravatar.com\/avatar\/806fee0fecf2bb1ca47e28be74aeac68?s=96&d=mm&r=g\",\"caption\":\"Tornos Abogados\"}}]}<\/script>\n<!-- \/ Yoast SEO plugin. -->","yoast_head_json":{"title":"Publicado el nuevo n\u00famero del Observatorio del Ciclo del Agua relativo al a\u00f1o 2024 - Tornos","robots":{"index":"index","follow":"follow","max-snippet":"max-snippet:-1","max-image-preview":"max-image-preview:large","max-video-preview":"max-video-preview:-1"},"canonical":"https:\/\/www.tornosabogados.com\/en\/15160-2\/","og_locale":"en_US","og_type":"article","og_title":"Publicado el nuevo n\u00famero del Observatorio del Ciclo del Agua relativo al a\u00f1o 2024 - Tornos","og_description":"Un proyecto que cumple su 7\u00aa edici\u00f3n bajo la direcci\u00f3n de Joaqu\u00edn Tornos Mas e integrado dentro de la C\u00e1tedra Derecho de la Regulaci\u00f3n de los Servicios P\u00fablicos de la Facultad de Derecho de la Universitat de Barcelona. Una obra publicada por Atelier, en acceso libre en su edici\u00f3n digital, que tiene por objeto analizar [&hellip;]","og_url":"https:\/\/www.tornosabogados.com\/en\/15160-2\/","og_site_name":"Tornos","article_published_time":"2025-10-09T07:39:08+00:00","article_modified_time":"2025-10-09T09:05:40+00:00","og_image":[{"width":1500,"height":1001,"url":"https:\/\/www.tornosabogados.com\/wp-content\/uploads\/2025\/10\/Libro-Ciclo-agua-foto-para-inicio-noticia.jpg","type":"image\/jpeg"}],"author":"Tornos Abogados","twitter_card":"summary_large_image","twitter_misc":{"Written by":"Tornos Abogados","Est. reading time":"2 minutes"},"schema":{"@context":"https:\/\/schema.org","@graph":[{"@type":"Article","@id":"https:\/\/www.tornosabogados.com\/en\/15160-2\/#article","isPartOf":{"@id":"https:\/\/www.tornosabogados.com\/en\/15160-2\/"},"author":{"name":"Tornos Abogados","@id":"https:\/\/www.tornosabogados.com\/en\/#\/schema\/person\/318ca497d8c39816b99d827eb4492a97"},"headline":"Publicado el nuevo n\u00famero del Observatorio del Ciclo del Agua relativo al a\u00f1o 2024","datePublished":"2025-10-09T07:39:08+00:00","dateModified":"2025-10-09T09:05:40+00:00","mainEntityOfPage":{"@id":"https:\/\/www.tornosabogados.com\/en\/15160-2\/"},"wordCount":426,"publisher":{"@id":"https:\/\/www.tornosabogados.com\/en\/#organization"},"articleSection":["Publicaciones"],"inLanguage":"en-US"},{"@type":"WebPage","@id":"https:\/\/www.tornosabogados.com\/en\/15160-2\/","url":"https:\/\/www.tornosabogados.com\/en\/15160-2\/","name":"Publicado el nuevo n\u00famero del Observatorio del Ciclo del Agua relativo al a\u00f1o 2024 - Tornos","isPartOf":{"@id":"https:\/\/www.tornosabogados.com\/en\/#website"},"datePublished":"2025-10-09T07:39:08+00:00","dateModified":"2025-10-09T09:05:40+00:00","breadcrumb":{"@id":"https:\/\/www.tornosabogados.com\/en\/15160-2\/#breadcrumb"},"inLanguage":"en-US","potentialAction":[{"@type":"ReadAction","target":["https:\/\/www.tornosabogados.com\/en\/15160-2\/"]}]},{"@type":"BreadcrumbList","@id":"https:\/\/www.tornosabogados.com\/en\/15160-2\/#breadcrumb","itemListElement":[{"@type":"ListItem","position":1,"name":"Portada","item":"https:\/\/www.tornosabogados.com\/en\/"},{"@type":"ListItem","position":2,"name":"Publicado el nuevo n\u00famero del Observatorio del Ciclo del Agua relativo al a\u00f1o 2024"}]},{"@type":"WebSite","@id":"https:\/\/www.tornosabogados.com\/en\/#website","url":"https:\/\/www.tornosabogados.com\/en\/","name":"Tornos Abogados","description":"Referentes en derecho administrativo","publisher":{"@id":"https:\/\/www.tornosabogados.com\/en\/#organization"},"potentialAction":[{"@type":"SearchAction","target":{"@type":"EntryPoint","urlTemplate":"https:\/\/www.tornosabogados.com\/en\/?s={search_term_string}"},"query-input":"required name=search_term_string"}],"inLanguage":"en-US"},{"@type":"Organization","@id":"https:\/\/www.tornosabogados.com\/en\/#organization","name":"Tornos Abogados","url":"https:\/\/www.tornosabogados.com\/en\/","logo":{"@type":"ImageObject","inLanguage":"en-US","@id":"https:\/\/www.tornosabogados.com\/en\/#\/schema\/logo\/image\/","url":"https:\/\/www.tornosabogados.com\/wp-content\/uploads\/2020\/11\/tornos-1.png","contentUrl":"https:\/\/www.tornosabogados.com\/wp-content\/uploads\/2020\/11\/tornos-1.png","width":451,"height":194,"caption":"Tornos Abogados"},"image":{"@id":"https:\/\/www.tornosabogados.com\/en\/#\/schema\/logo\/image\/"}},{"@type":"Person","@id":"https:\/\/www.tornosabogados.com\/en\/#\/schema\/person\/318ca497d8c39816b99d827eb4492a97","name":"Tornos Abogados","image":{"@type":"ImageObject","inLanguage":"en-US","@id":"https:\/\/www.tornosabogados.com\/en\/#\/schema\/person\/image\/","url":"https:\/\/secure.gravatar.com\/avatar\/806fee0fecf2bb1ca47e28be74aeac68?s=96&d=mm&r=g","contentUrl":"https:\/\/secure.gravatar.com\/avatar\/806fee0fecf2bb1ca47e28be74aeac68?s=96&d=mm&r=g","caption":"Tornos Abogados"}}]}},"_links":{"self":[{"href":"https:\/\/www.tornosabogados.com\/en\/wp-json\/wp\/v2\/posts\/15160"}],"collection":[{"href":"https:\/\/www.tornosabogados.com\/en\/wp-json\/wp\/v2\/posts"}],"about":[{"href":"https:\/\/www.tornosabogados.com\/en\/wp-json\/wp\/v2\/types\/post"}],"author":[{"embeddable":true,"href":"https:\/\/www.tornosabogados.com\/en\/wp-json\/wp\/v2\/users\/1"}],"replies":[{"embeddable":true,"href":"https:\/\/www.tornosabogados.com\/en\/wp-json\/wp\/v2\/comments?post=15160"}],"version-history":[{"count":9,"href":"https:\/\/www.tornosabogados.com\/en\/wp-json\/wp\/v2\/posts\/15160\/revisions"}],"predecessor-version":[{"id":15194,"href":"https:\/\/www.tornosabogados.com\/en\/wp-json\/wp\/v2\/posts\/15160\/revisions\/15194"}],"wp:featuredmedia":[{"embeddable":true,"href":"https:\/\/www.tornosabogados.com\/en\/wp-json\/wp\/v2\/media\/15186"}],"wp:attachment":[{"href":"https:\/\/www.tornosabogados.com\/en\/wp-json\/wp\/v2\/media?parent=15160"}],"wp:term":[{"taxonomy":"category","embeddable":true,"href":"https:\/\/www.tornosabogados.com\/en\/wp-json\/wp\/v2\/categories?post=15160"},{"taxonomy":"post_tag","embeddable":true,"href":"https:\/\/www.tornosabogados.com\/en\/wp-json\/wp\/v2\/tags?post=15160"},{"taxonomy":"boletin","embeddable":true,"href":"https:\/\/www.tornosabogados.com\/en\/wp-json\/wp\/v2\/boletin?post=15160"},{"taxonomy":"articulo-lcsp","embeddable":true,"href":"https:\/\/www.tornosabogados.com\/en\/wp-json\/wp\/v2\/articulo-lcsp?post=15160"}],"curies":[{"name":"wp","href":"https:\/\/api.w.org\/{rel}","templated":true}]}}