{"id":15291,"date":"2025-11-05T12:12:23","date_gmt":"2025-11-05T11:12:23","guid":{"rendered":"https:\/\/www.tornosabogados.com\/?p=15291"},"modified":"2025-11-06T09:56:23","modified_gmt":"2025-11-06T08:56:23","slug":"civil-las-audiencias-provinciales-moderan-la-aplicacion-del-requisito-masc","status":"publish","type":"post","link":"https:\/\/www.tornosabogados.com\/en\/civil-las-audiencias-provinciales-moderan-la-aplicacion-del-requisito-masc\/","title":{"rendered":"CIVIL &#8211; Las Audiencias Provinciales moderan la aplicaci\u00f3n del requisito MASC"},"content":{"rendered":"<p style=\"text-align: justify;\">Las primeras resoluciones dictadas tras la entrada en vigor de Ley Org\u00e1nica 1\/2025, de 2 de enero, de medidas en materia de eficiencia del Servicio P\u00fablico de Justicia, empiezan a delimitar el alcance real del nuevo requisito de acudir a un Mecanismo Alternativo de Soluci\u00f3n de Conflictos (MASC) antes de presentar determinadas demandas civiles.<\/p>\n<p style=\"text-align: justify;\">Entre los pronunciamientos recientes, destaca el <strong>Auto n.\u00ba 335\/2025, de 3 de octubre, de la Audiencia Provincial de Navarra, que ha revocado la inadmisi\u00f3n de una demanda de divorcio al considerar que la parte actora no estaba obligada a acreditar un intento previo de mediaci\u00f3n<\/strong>. La Sala entiende que la exigencia de acudir a un MASC no puede aplicarse de manera autom\u00e1tica ni desproporcionada, ya que convertirla en un filtro procesal impedir\u00eda el ejercicio efectivo del derecho fundamental a la tutela judicial, especialmente en supuestos de derecho de familia cuando no existen hijos, bienes comunes ni controversias susceptibles de negociaci\u00f3n.<\/p>\n<p style=\"text-align: justify;\">La resoluci\u00f3n subraya que la finalidad de los MASC es promover soluciones dialogadas, no obstaculizar el acceso a los tribunales. Por ello, su exigencia debe interpretarse con criterios de razonabilidad y proporcionalidad, evitando la imposici\u00f3n de tr\u00e1mites innecesarios.<\/p>\n<p style=\"text-align: justify;\">En la misma l\u00ednea, la Audiencia Provincial de Barcelona, mediante el <strong>Auto n.\u00ba 459\/2025, de 16 de octubre, ha estimado el recurso interpuesto frente a la inadmisi\u00f3n de una demanda civil por no haberse acreditado la voluntad de negociaci\u00f3n en el marco del MASC<\/strong>. En el caso analizado, el juzgado de primera instancia hab\u00eda rechazado la demanda al considerar que la parte actora se hab\u00eda limitado a cumplir formalmente con el requisito, sin evidenciar una verdadera intenci\u00f3n de negociar.<\/p>\n<p style=\"text-align: justify;\">En este supuesto, el Auto corrige este planteamiento y sostiene que exigir una voluntad real o un resultado efectivo de la negociaci\u00f3n equivaldr\u00eda a imponer una carga desproporcionada e incompatible con el derecho de acceso a la justicia. A juicio de la Sala, basta con que la parte haya manifestado su disposici\u00f3n al di\u00e1logo o invitado a la contraparte a iniciar conversaciones, aunque esta no responda o decline participar. En caso contrario, se estar\u00eda penalizando a quien muestra iniciativa negociadora y premiando la pasividad, en abierta contradicci\u00f3n con el principio de igualdad procesal y la tutela judicial efectiva.<\/p>\n<blockquote class=\"bl_fverde_2024\">\n<p style=\"text-align: justify;\">As\u00ed, los tribunales empiezan a coincidir en una misma idea: el MASC debe concebirse como un instrumento \u00fatil para la resoluci\u00f3n pac\u00edfica de los conflictos, pero no como un tr\u00e1mite formal que obstaculice el acceso al proceso judicial. Ser\u00e1 labor de los jueces determinar, caso por caso, si la omisi\u00f3n de ese intento previo justifica realmente la inadmisi\u00f3n de una demanda.<\/p>\n<\/blockquote>\n<p style=\"text-align: justify;\">En definitiva, estas resoluciones introducen una interpretaci\u00f3n flexible y garantista del requisito MASC, rechazando su imposici\u00f3n cuando resulte manifiestamente inadecuado o desproporcionado en relaci\u00f3n con la naturaleza del litigio.<\/p>\n<p>Descargar <a href=\"https:\/\/www.tornosabogados.com\/wp-content\/uploads\/2025\/11\/05.11.25-CIVIL-Aplicacion-del-requisito-MASC.pdf\" target=\"_blank\" rel=\"noopener\">documento<\/a><\/p>\n<p>Barcelona, 5 de noviembre de 2025<\/p>\n<p>Tornos Abogados<\/p>\n","protected":false},"excerpt":{"rendered":"<p>Las primeras resoluciones dictadas tras la entrada en vigor de Ley Org\u00e1nica 1\/2025, de 2 de enero, de medidas en materia de eficiencia del Servicio P\u00fablico de Justicia, empiezan a delimitar el alcance real del nuevo requisito de acudir a un Mecanismo Alternativo de Soluci\u00f3n de Conflictos (MASC) antes de presentar determinadas demandas civiles. Entre [&hellip;]<\/p>\n","protected":false},"author":1,"featured_media":15296,"comment_status":"closed","ping_status":"closed","sticky":false,"template":"","format":"standard","meta":[],"categories":[7],"tags":[],"boletin":[],"articulo-lcsp":[],"yoast_head":"<!-- This site is optimized with the Yoast SEO plugin v20.10 - https:\/\/yoast.com\/wordpress\/plugins\/seo\/ -->\n<title>CIVIL - Las Audiencias Provinciales moderan la aplicaci\u00f3n del requisito MASC - Tornos<\/title>\n<meta name=\"robots\" content=\"index, follow, max-snippet:-1, max-image-preview:large, max-video-preview:-1\" \/>\n<link rel=\"canonical\" href=\"https:\/\/www.tornosabogados.com\/en\/civil-las-audiencias-provinciales-moderan-la-aplicacion-del-requisito-masc\/\" \/>\n<meta property=\"og:locale\" content=\"en_US\" \/>\n<meta property=\"og:type\" content=\"article\" \/>\n<meta property=\"og:title\" content=\"CIVIL - Las Audiencias Provinciales moderan la aplicaci\u00f3n del requisito MASC - Tornos\" \/>\n<meta property=\"og:description\" content=\"Las primeras resoluciones dictadas tras la entrada en vigor de Ley Org\u00e1nica 1\/2025, de 2 de enero, de medidas en materia de eficiencia del Servicio P\u00fablico de Justicia, empiezan a delimitar el alcance real del nuevo requisito de acudir a un Mecanismo Alternativo de Soluci\u00f3n de Conflictos (MASC) antes de presentar determinadas demandas civiles. Entre [&hellip;]\" \/>\n<meta property=\"og:url\" content=\"https:\/\/www.tornosabogados.com\/en\/civil-las-audiencias-provinciales-moderan-la-aplicacion-del-requisito-masc\/\" \/>\n<meta property=\"og:site_name\" content=\"Tornos\" \/>\n<meta property=\"article:published_time\" content=\"2025-11-05T11:12:23+00:00\" \/>\n<meta property=\"article:modified_time\" content=\"2025-11-06T08:56:23+00:00\" \/>\n<meta property=\"og:image\" content=\"https:\/\/www.tornosabogados.com\/wp-content\/uploads\/2025\/11\/Foto-05.11.25-MASC.jpg\" \/>\n\t<meta property=\"og:image:width\" content=\"1500\" \/>\n\t<meta property=\"og:image:height\" content=\"1000\" \/>\n\t<meta property=\"og:image:type\" content=\"image\/jpeg\" \/>\n<meta name=\"author\" content=\"Tornos Abogados\" \/>\n<meta name=\"twitter:card\" content=\"summary_large_image\" \/>\n<meta name=\"twitter:label1\" content=\"Written by\" \/>\n\t<meta name=\"twitter:data1\" content=\"Tornos Abogados\" \/>\n\t<meta name=\"twitter:label2\" content=\"Est. reading time\" \/>\n\t<meta name=\"twitter:data2\" content=\"2 minutes\" \/>\n<script type=\"application\/ld+json\" class=\"yoast-schema-graph\">{\"@context\":\"https:\/\/schema.org\",\"@graph\":[{\"@type\":\"Article\",\"@id\":\"https:\/\/www.tornosabogados.com\/en\/civil-las-audiencias-provinciales-moderan-la-aplicacion-del-requisito-masc\/#article\",\"isPartOf\":{\"@id\":\"https:\/\/www.tornosabogados.com\/en\/civil-las-audiencias-provinciales-moderan-la-aplicacion-del-requisito-masc\/\"},\"author\":{\"name\":\"Tornos Abogados\",\"@id\":\"https:\/\/www.tornosabogados.com\/en\/#\/schema\/person\/318ca497d8c39816b99d827eb4492a97\"},\"headline\":\"CIVIL &#8211; Las Audiencias Provinciales moderan la aplicaci\u00f3n del requisito MASC\",\"datePublished\":\"2025-11-05T11:12:23+00:00\",\"dateModified\":\"2025-11-06T08:56:23+00:00\",\"mainEntityOfPage\":{\"@id\":\"https:\/\/www.tornosabogados.com\/en\/civil-las-audiencias-provinciales-moderan-la-aplicacion-del-requisito-masc\/\"},\"wordCount\":504,\"publisher\":{\"@id\":\"https:\/\/www.tornosabogados.com\/en\/#organization\"},\"articleSection\":[\"Comentarios legales\"],\"inLanguage\":\"en-US\"},{\"@type\":\"WebPage\",\"@id\":\"https:\/\/www.tornosabogados.com\/en\/civil-las-audiencias-provinciales-moderan-la-aplicacion-del-requisito-masc\/\",\"url\":\"https:\/\/www.tornosabogados.com\/en\/civil-las-audiencias-provinciales-moderan-la-aplicacion-del-requisito-masc\/\",\"name\":\"CIVIL - Las Audiencias Provinciales moderan la aplicaci\u00f3n del requisito MASC - Tornos\",\"isPartOf\":{\"@id\":\"https:\/\/www.tornosabogados.com\/en\/#website\"},\"datePublished\":\"2025-11-05T11:12:23+00:00\",\"dateModified\":\"2025-11-06T08:56:23+00:00\",\"breadcrumb\":{\"@id\":\"https:\/\/www.tornosabogados.com\/en\/civil-las-audiencias-provinciales-moderan-la-aplicacion-del-requisito-masc\/#breadcrumb\"},\"inLanguage\":\"en-US\",\"potentialAction\":[{\"@type\":\"ReadAction\",\"target\":[\"https:\/\/www.tornosabogados.com\/en\/civil-las-audiencias-provinciales-moderan-la-aplicacion-del-requisito-masc\/\"]}]},{\"@type\":\"BreadcrumbList\",\"@id\":\"https:\/\/www.tornosabogados.com\/en\/civil-las-audiencias-provinciales-moderan-la-aplicacion-del-requisito-masc\/#breadcrumb\",\"itemListElement\":[{\"@type\":\"ListItem\",\"position\":1,\"name\":\"Portada\",\"item\":\"https:\/\/www.tornosabogados.com\/en\/\"},{\"@type\":\"ListItem\",\"position\":2,\"name\":\"CIVIL &#8211; Las Audiencias Provinciales moderan la aplicaci\u00f3n del requisito MASC\"}]},{\"@type\":\"WebSite\",\"@id\":\"https:\/\/www.tornosabogados.com\/en\/#website\",\"url\":\"https:\/\/www.tornosabogados.com\/en\/\",\"name\":\"Tornos Abogados\",\"description\":\"Referentes en derecho administrativo\",\"publisher\":{\"@id\":\"https:\/\/www.tornosabogados.com\/en\/#organization\"},\"potentialAction\":[{\"@type\":\"SearchAction\",\"target\":{\"@type\":\"EntryPoint\",\"urlTemplate\":\"https:\/\/www.tornosabogados.com\/en\/?s={search_term_string}\"},\"query-input\":\"required name=search_term_string\"}],\"inLanguage\":\"en-US\"},{\"@type\":\"Organization\",\"@id\":\"https:\/\/www.tornosabogados.com\/en\/#organization\",\"name\":\"Tornos Abogados\",\"url\":\"https:\/\/www.tornosabogados.com\/en\/\",\"logo\":{\"@type\":\"ImageObject\",\"inLanguage\":\"en-US\",\"@id\":\"https:\/\/www.tornosabogados.com\/en\/#\/schema\/logo\/image\/\",\"url\":\"https:\/\/www.tornosabogados.com\/wp-content\/uploads\/2020\/11\/tornos-1.png\",\"contentUrl\":\"https:\/\/www.tornosabogados.com\/wp-content\/uploads\/2020\/11\/tornos-1.png\",\"width\":451,\"height\":194,\"caption\":\"Tornos Abogados\"},\"image\":{\"@id\":\"https:\/\/www.tornosabogados.com\/en\/#\/schema\/logo\/image\/\"}},{\"@type\":\"Person\",\"@id\":\"https:\/\/www.tornosabogados.com\/en\/#\/schema\/person\/318ca497d8c39816b99d827eb4492a97\",\"name\":\"Tornos Abogados\",\"image\":{\"@type\":\"ImageObject\",\"inLanguage\":\"en-US\",\"@id\":\"https:\/\/www.tornosabogados.com\/en\/#\/schema\/person\/image\/\",\"url\":\"https:\/\/secure.gravatar.com\/avatar\/806fee0fecf2bb1ca47e28be74aeac68?s=96&d=mm&r=g\",\"contentUrl\":\"https:\/\/secure.gravatar.com\/avatar\/806fee0fecf2bb1ca47e28be74aeac68?s=96&d=mm&r=g\",\"caption\":\"Tornos Abogados\"}}]}<\/script>\n<!-- \/ Yoast SEO plugin. -->","yoast_head_json":{"title":"CIVIL - Las Audiencias Provinciales moderan la aplicaci\u00f3n del requisito MASC - Tornos","robots":{"index":"index","follow":"follow","max-snippet":"max-snippet:-1","max-image-preview":"max-image-preview:large","max-video-preview":"max-video-preview:-1"},"canonical":"https:\/\/www.tornosabogados.com\/en\/civil-las-audiencias-provinciales-moderan-la-aplicacion-del-requisito-masc\/","og_locale":"en_US","og_type":"article","og_title":"CIVIL - Las Audiencias Provinciales moderan la aplicaci\u00f3n del requisito MASC - Tornos","og_description":"Las primeras resoluciones dictadas tras la entrada en vigor de Ley Org\u00e1nica 1\/2025, de 2 de enero, de medidas en materia de eficiencia del Servicio P\u00fablico de Justicia, empiezan a delimitar el alcance real del nuevo requisito de acudir a un Mecanismo Alternativo de Soluci\u00f3n de Conflictos (MASC) antes de presentar determinadas demandas civiles. Entre [&hellip;]","og_url":"https:\/\/www.tornosabogados.com\/en\/civil-las-audiencias-provinciales-moderan-la-aplicacion-del-requisito-masc\/","og_site_name":"Tornos","article_published_time":"2025-11-05T11:12:23+00:00","article_modified_time":"2025-11-06T08:56:23+00:00","og_image":[{"width":1500,"height":1000,"url":"https:\/\/www.tornosabogados.com\/wp-content\/uploads\/2025\/11\/Foto-05.11.25-MASC.jpg","type":"image\/jpeg"}],"author":"Tornos Abogados","twitter_card":"summary_large_image","twitter_misc":{"Written by":"Tornos Abogados","Est. reading time":"2 minutes"},"schema":{"@context":"https:\/\/schema.org","@graph":[{"@type":"Article","@id":"https:\/\/www.tornosabogados.com\/en\/civil-las-audiencias-provinciales-moderan-la-aplicacion-del-requisito-masc\/#article","isPartOf":{"@id":"https:\/\/www.tornosabogados.com\/en\/civil-las-audiencias-provinciales-moderan-la-aplicacion-del-requisito-masc\/"},"author":{"name":"Tornos Abogados","@id":"https:\/\/www.tornosabogados.com\/en\/#\/schema\/person\/318ca497d8c39816b99d827eb4492a97"},"headline":"CIVIL &#8211; Las Audiencias Provinciales moderan la aplicaci\u00f3n del requisito MASC","datePublished":"2025-11-05T11:12:23+00:00","dateModified":"2025-11-06T08:56:23+00:00","mainEntityOfPage":{"@id":"https:\/\/www.tornosabogados.com\/en\/civil-las-audiencias-provinciales-moderan-la-aplicacion-del-requisito-masc\/"},"wordCount":504,"publisher":{"@id":"https:\/\/www.tornosabogados.com\/en\/#organization"},"articleSection":["Comentarios legales"],"inLanguage":"en-US"},{"@type":"WebPage","@id":"https:\/\/www.tornosabogados.com\/en\/civil-las-audiencias-provinciales-moderan-la-aplicacion-del-requisito-masc\/","url":"https:\/\/www.tornosabogados.com\/en\/civil-las-audiencias-provinciales-moderan-la-aplicacion-del-requisito-masc\/","name":"CIVIL - Las Audiencias Provinciales moderan la aplicaci\u00f3n del requisito MASC - Tornos","isPartOf":{"@id":"https:\/\/www.tornosabogados.com\/en\/#website"},"datePublished":"2025-11-05T11:12:23+00:00","dateModified":"2025-11-06T08:56:23+00:00","breadcrumb":{"@id":"https:\/\/www.tornosabogados.com\/en\/civil-las-audiencias-provinciales-moderan-la-aplicacion-del-requisito-masc\/#breadcrumb"},"inLanguage":"en-US","potentialAction":[{"@type":"ReadAction","target":["https:\/\/www.tornosabogados.com\/en\/civil-las-audiencias-provinciales-moderan-la-aplicacion-del-requisito-masc\/"]}]},{"@type":"BreadcrumbList","@id":"https:\/\/www.tornosabogados.com\/en\/civil-las-audiencias-provinciales-moderan-la-aplicacion-del-requisito-masc\/#breadcrumb","itemListElement":[{"@type":"ListItem","position":1,"name":"Portada","item":"https:\/\/www.tornosabogados.com\/en\/"},{"@type":"ListItem","position":2,"name":"CIVIL &#8211; Las Audiencias Provinciales moderan la aplicaci\u00f3n del requisito MASC"}]},{"@type":"WebSite","@id":"https:\/\/www.tornosabogados.com\/en\/#website","url":"https:\/\/www.tornosabogados.com\/en\/","name":"Tornos Abogados","description":"Referentes en derecho administrativo","publisher":{"@id":"https:\/\/www.tornosabogados.com\/en\/#organization"},"potentialAction":[{"@type":"SearchAction","target":{"@type":"EntryPoint","urlTemplate":"https:\/\/www.tornosabogados.com\/en\/?s={search_term_string}"},"query-input":"required name=search_term_string"}],"inLanguage":"en-US"},{"@type":"Organization","@id":"https:\/\/www.tornosabogados.com\/en\/#organization","name":"Tornos Abogados","url":"https:\/\/www.tornosabogados.com\/en\/","logo":{"@type":"ImageObject","inLanguage":"en-US","@id":"https:\/\/www.tornosabogados.com\/en\/#\/schema\/logo\/image\/","url":"https:\/\/www.tornosabogados.com\/wp-content\/uploads\/2020\/11\/tornos-1.png","contentUrl":"https:\/\/www.tornosabogados.com\/wp-content\/uploads\/2020\/11\/tornos-1.png","width":451,"height":194,"caption":"Tornos Abogados"},"image":{"@id":"https:\/\/www.tornosabogados.com\/en\/#\/schema\/logo\/image\/"}},{"@type":"Person","@id":"https:\/\/www.tornosabogados.com\/en\/#\/schema\/person\/318ca497d8c39816b99d827eb4492a97","name":"Tornos Abogados","image":{"@type":"ImageObject","inLanguage":"en-US","@id":"https:\/\/www.tornosabogados.com\/en\/#\/schema\/person\/image\/","url":"https:\/\/secure.gravatar.com\/avatar\/806fee0fecf2bb1ca47e28be74aeac68?s=96&d=mm&r=g","contentUrl":"https:\/\/secure.gravatar.com\/avatar\/806fee0fecf2bb1ca47e28be74aeac68?s=96&d=mm&r=g","caption":"Tornos Abogados"}}]}},"_links":{"self":[{"href":"https:\/\/www.tornosabogados.com\/en\/wp-json\/wp\/v2\/posts\/15291"}],"collection":[{"href":"https:\/\/www.tornosabogados.com\/en\/wp-json\/wp\/v2\/posts"}],"about":[{"href":"https:\/\/www.tornosabogados.com\/en\/wp-json\/wp\/v2\/types\/post"}],"author":[{"embeddable":true,"href":"https:\/\/www.tornosabogados.com\/en\/wp-json\/wp\/v2\/users\/1"}],"replies":[{"embeddable":true,"href":"https:\/\/www.tornosabogados.com\/en\/wp-json\/wp\/v2\/comments?post=15291"}],"version-history":[{"count":4,"href":"https:\/\/www.tornosabogados.com\/en\/wp-json\/wp\/v2\/posts\/15291\/revisions"}],"predecessor-version":[{"id":15302,"href":"https:\/\/www.tornosabogados.com\/en\/wp-json\/wp\/v2\/posts\/15291\/revisions\/15302"}],"wp:featuredmedia":[{"embeddable":true,"href":"https:\/\/www.tornosabogados.com\/en\/wp-json\/wp\/v2\/media\/15296"}],"wp:attachment":[{"href":"https:\/\/www.tornosabogados.com\/en\/wp-json\/wp\/v2\/media?parent=15291"}],"wp:term":[{"taxonomy":"category","embeddable":true,"href":"https:\/\/www.tornosabogados.com\/en\/wp-json\/wp\/v2\/categories?post=15291"},{"taxonomy":"post_tag","embeddable":true,"href":"https:\/\/www.tornosabogados.com\/en\/wp-json\/wp\/v2\/tags?post=15291"},{"taxonomy":"boletin","embeddable":true,"href":"https:\/\/www.tornosabogados.com\/en\/wp-json\/wp\/v2\/boletin?post=15291"},{"taxonomy":"articulo-lcsp","embeddable":true,"href":"https:\/\/www.tornosabogados.com\/en\/wp-json\/wp\/v2\/articulo-lcsp?post=15291"}],"curies":[{"name":"wp","href":"https:\/\/api.w.org\/{rel}","templated":true}]}}