{"id":15528,"date":"2026-01-16T13:03:22","date_gmt":"2026-01-16T12:03:22","guid":{"rendered":"https:\/\/www.tornosabogados.com\/?p=15528"},"modified":"2026-01-21T10:40:04","modified_gmt":"2026-01-21T09:40:04","slug":"tornos-abogados-participa-en-la-jornada-sobre-la-ley-de-movilidad-sostenible-organizada-por-la-fecav","status":"publish","type":"post","link":"https:\/\/www.tornosabogados.com\/en\/tornos-abogados-participa-en-la-jornada-sobre-la-ley-de-movilidad-sostenible-organizada-por-la-fecav\/","title":{"rendered":"Tornos Abogados participa en la jornada sobre la Ley de movilidad sostenible organizada por la FECAV"},"content":{"rendered":"<p style=\"text-align: justify;\">La Federaci\u00f3 empresarial catalana de transports de viatgers (FECAV) organiza una Jornada presencial sobre la \u201cLey Movilidad Sostenible (LMS)\u201d en la que participan <a href=\"https:\/\/www.tornosabogados.com\/profesional\/josep-maria-fortuny-olive\/\" target=\"_blank\" rel=\"noopener\">Josep M\u00aa Fortuny<\/a>, colaborador de Tornos Abogados y <a href=\"https:\/\/www.tornosabogados.com\/profesional\/antonio-sala-cantarell\/\" target=\"_blank\" rel=\"noopener\">Antonio Sala<\/a>, socio de Tornos Abogados. En esta sesi\u00f3n se abordar\u00e1n las principales cuestiones en materia de transporte de viajeros por carretera que regula dicha norma recientemente aprobada. La sesi\u00f3n se celebrar\u00e1 el d\u00eda 20 de enero de 9:30 a 11:30 en la sede de Foment del Treball Nacional.<\/p>\n<p style=\"text-align: justify;\"><strong>PROGRAMA:<\/strong><\/p>\n<p style=\"text-align: justify;\">&#8211; 9:30h. Recepci\u00f3n y caf\u00e9 de bienvenida<br \/>\n&#8211; 9:45h. Inauguraci\u00f3n de la jornada a cargo del Presidente de FECAV<br \/>\n&#8211; 10h. Explicaci\u00f3n sobre la LMS<br \/>\n&#8211; 11h. Mesa redonda moderada por el Sr. Antonio Sala, socio de Tornos Abogados.<\/p>\n<p>Interviniendo:<\/p>\n<ul>\n<li>Sr. Benjam\u00ed Cubillo \u2013 Subdirector general de Transporte P\u00fablico por carretera y Movilidad del Departament de Territori<\/li>\n<li>Sr. Josep Mar\u00eda Fortuny \u2013 abogado especializado en materia de transporte por carretera<\/li>\n<li>Sr. Jaime Rodr\u00edguez \u2013 Director de CONFEBUS<\/li>\n<\/ul>\n","protected":false},"excerpt":{"rendered":"<p>La Federaci\u00f3 empresarial catalana de transports de viatgers (FECAV) organiza una Jornada presencial sobre la \u201cLey Movilidad Sostenible (LMS)\u201d en la que participan Josep M\u00aa Fortuny, colaborador de Tornos Abogados y Antonio Sala, socio de Tornos Abogados. En esta sesi\u00f3n se abordar\u00e1n las principales cuestiones en materia de transporte de viajeros por carretera que regula [&hellip;]<\/p>\n","protected":false},"author":1,"featured_media":15529,"comment_status":"closed","ping_status":"closed","sticky":false,"template":"","format":"standard","meta":[],"categories":[1],"tags":[],"boletin":[],"articulo-lcsp":[],"yoast_head":"<!-- This site is optimized with the Yoast SEO plugin v20.10 - https:\/\/yoast.com\/wordpress\/plugins\/seo\/ -->\n<title>Tornos Abogados participa en la jornada sobre la Ley de movilidad sostenible organizada por la FECAV - Tornos<\/title>\n<meta name=\"robots\" content=\"index, follow, max-snippet:-1, max-image-preview:large, max-video-preview:-1\" \/>\n<link rel=\"canonical\" href=\"https:\/\/www.tornosabogados.com\/en\/tornos-abogados-participa-en-la-jornada-sobre-la-ley-de-movilidad-sostenible-organizada-por-la-fecav\/\" \/>\n<meta property=\"og:locale\" content=\"en_US\" \/>\n<meta property=\"og:type\" content=\"article\" \/>\n<meta property=\"og:title\" content=\"Tornos Abogados participa en la jornada sobre la Ley de movilidad sostenible organizada por la FECAV - Tornos\" \/>\n<meta property=\"og:description\" content=\"La Federaci\u00f3 empresarial catalana de transports de viatgers (FECAV) organiza una Jornada presencial sobre la \u201cLey Movilidad Sostenible (LMS)\u201d en la que participan Josep M\u00aa Fortuny, colaborador de Tornos Abogados y Antonio Sala, socio de Tornos Abogados. En esta sesi\u00f3n se abordar\u00e1n las principales cuestiones en materia de transporte de viajeros por carretera que regula [&hellip;]\" \/>\n<meta property=\"og:url\" content=\"https:\/\/www.tornosabogados.com\/en\/tornos-abogados-participa-en-la-jornada-sobre-la-ley-de-movilidad-sostenible-organizada-por-la-fecav\/\" \/>\n<meta property=\"og:site_name\" content=\"Tornos\" \/>\n<meta property=\"article:published_time\" content=\"2026-01-16T12:03:22+00:00\" \/>\n<meta property=\"article:modified_time\" content=\"2026-01-21T09:40:04+00:00\" \/>\n<meta property=\"og:image\" content=\"https:\/\/www.tornosabogados.com\/wp-content\/uploads\/2026\/01\/2148242262.jpg\" \/>\n\t<meta property=\"og:image:width\" content=\"1500\" \/>\n\t<meta property=\"og:image:height\" content=\"1001\" \/>\n\t<meta property=\"og:image:type\" content=\"image\/jpeg\" \/>\n<meta name=\"author\" content=\"Tornos Abogados\" \/>\n<meta name=\"twitter:card\" content=\"summary_large_image\" \/>\n<meta name=\"twitter:label1\" content=\"Written by\" \/>\n\t<meta name=\"twitter:data1\" content=\"Tornos Abogados\" \/>\n\t<meta name=\"twitter:label2\" content=\"Est. reading time\" \/>\n\t<meta name=\"twitter:data2\" content=\"1 minute\" \/>\n<script type=\"application\/ld+json\" class=\"yoast-schema-graph\">{\"@context\":\"https:\/\/schema.org\",\"@graph\":[{\"@type\":\"Article\",\"@id\":\"https:\/\/www.tornosabogados.com\/en\/tornos-abogados-participa-en-la-jornada-sobre-la-ley-de-movilidad-sostenible-organizada-por-la-fecav\/#article\",\"isPartOf\":{\"@id\":\"https:\/\/www.tornosabogados.com\/en\/tornos-abogados-participa-en-la-jornada-sobre-la-ley-de-movilidad-sostenible-organizada-por-la-fecav\/\"},\"author\":{\"name\":\"Tornos Abogados\",\"@id\":\"https:\/\/www.tornosabogados.com\/en\/#\/schema\/person\/318ca497d8c39816b99d827eb4492a97\"},\"headline\":\"Tornos Abogados participa en la jornada sobre la Ley de movilidad sostenible organizada por la FECAV\",\"datePublished\":\"2026-01-16T12:03:22+00:00\",\"dateModified\":\"2026-01-21T09:40:04+00:00\",\"mainEntityOfPage\":{\"@id\":\"https:\/\/www.tornosabogados.com\/en\/tornos-abogados-participa-en-la-jornada-sobre-la-ley-de-movilidad-sostenible-organizada-por-la-fecav\/\"},\"wordCount\":178,\"publisher\":{\"@id\":\"https:\/\/www.tornosabogados.com\/en\/#organization\"},\"articleSection\":[\"Noticias y Cursos\"],\"inLanguage\":\"en-US\"},{\"@type\":\"WebPage\",\"@id\":\"https:\/\/www.tornosabogados.com\/en\/tornos-abogados-participa-en-la-jornada-sobre-la-ley-de-movilidad-sostenible-organizada-por-la-fecav\/\",\"url\":\"https:\/\/www.tornosabogados.com\/en\/tornos-abogados-participa-en-la-jornada-sobre-la-ley-de-movilidad-sostenible-organizada-por-la-fecav\/\",\"name\":\"Tornos Abogados participa en la jornada sobre la Ley de movilidad sostenible organizada por la FECAV - Tornos\",\"isPartOf\":{\"@id\":\"https:\/\/www.tornosabogados.com\/en\/#website\"},\"datePublished\":\"2026-01-16T12:03:22+00:00\",\"dateModified\":\"2026-01-21T09:40:04+00:00\",\"breadcrumb\":{\"@id\":\"https:\/\/www.tornosabogados.com\/en\/tornos-abogados-participa-en-la-jornada-sobre-la-ley-de-movilidad-sostenible-organizada-por-la-fecav\/#breadcrumb\"},\"inLanguage\":\"en-US\",\"potentialAction\":[{\"@type\":\"ReadAction\",\"target\":[\"https:\/\/www.tornosabogados.com\/en\/tornos-abogados-participa-en-la-jornada-sobre-la-ley-de-movilidad-sostenible-organizada-por-la-fecav\/\"]}]},{\"@type\":\"BreadcrumbList\",\"@id\":\"https:\/\/www.tornosabogados.com\/en\/tornos-abogados-participa-en-la-jornada-sobre-la-ley-de-movilidad-sostenible-organizada-por-la-fecav\/#breadcrumb\",\"itemListElement\":[{\"@type\":\"ListItem\",\"position\":1,\"name\":\"Portada\",\"item\":\"https:\/\/www.tornosabogados.com\/en\/\"},{\"@type\":\"ListItem\",\"position\":2,\"name\":\"Tornos Abogados participa en la jornada sobre la Ley de movilidad sostenible organizada por la FECAV\"}]},{\"@type\":\"WebSite\",\"@id\":\"https:\/\/www.tornosabogados.com\/en\/#website\",\"url\":\"https:\/\/www.tornosabogados.com\/en\/\",\"name\":\"Tornos Abogados\",\"description\":\"Referentes en derecho administrativo\",\"publisher\":{\"@id\":\"https:\/\/www.tornosabogados.com\/en\/#organization\"},\"potentialAction\":[{\"@type\":\"SearchAction\",\"target\":{\"@type\":\"EntryPoint\",\"urlTemplate\":\"https:\/\/www.tornosabogados.com\/en\/?s={search_term_string}\"},\"query-input\":\"required name=search_term_string\"}],\"inLanguage\":\"en-US\"},{\"@type\":\"Organization\",\"@id\":\"https:\/\/www.tornosabogados.com\/en\/#organization\",\"name\":\"Tornos Abogados\",\"url\":\"https:\/\/www.tornosabogados.com\/en\/\",\"logo\":{\"@type\":\"ImageObject\",\"inLanguage\":\"en-US\",\"@id\":\"https:\/\/www.tornosabogados.com\/en\/#\/schema\/logo\/image\/\",\"url\":\"https:\/\/www.tornosabogados.com\/wp-content\/uploads\/2020\/11\/tornos-1.png\",\"contentUrl\":\"https:\/\/www.tornosabogados.com\/wp-content\/uploads\/2020\/11\/tornos-1.png\",\"width\":451,\"height\":194,\"caption\":\"Tornos Abogados\"},\"image\":{\"@id\":\"https:\/\/www.tornosabogados.com\/en\/#\/schema\/logo\/image\/\"}},{\"@type\":\"Person\",\"@id\":\"https:\/\/www.tornosabogados.com\/en\/#\/schema\/person\/318ca497d8c39816b99d827eb4492a97\",\"name\":\"Tornos Abogados\",\"image\":{\"@type\":\"ImageObject\",\"inLanguage\":\"en-US\",\"@id\":\"https:\/\/www.tornosabogados.com\/en\/#\/schema\/person\/image\/\",\"url\":\"https:\/\/secure.gravatar.com\/avatar\/806fee0fecf2bb1ca47e28be74aeac68?s=96&d=mm&r=g\",\"contentUrl\":\"https:\/\/secure.gravatar.com\/avatar\/806fee0fecf2bb1ca47e28be74aeac68?s=96&d=mm&r=g\",\"caption\":\"Tornos Abogados\"}}]}<\/script>\n<!-- \/ Yoast SEO plugin. -->","yoast_head_json":{"title":"Tornos Abogados participa en la jornada sobre la Ley de movilidad sostenible organizada por la FECAV - Tornos","robots":{"index":"index","follow":"follow","max-snippet":"max-snippet:-1","max-image-preview":"max-image-preview:large","max-video-preview":"max-video-preview:-1"},"canonical":"https:\/\/www.tornosabogados.com\/en\/tornos-abogados-participa-en-la-jornada-sobre-la-ley-de-movilidad-sostenible-organizada-por-la-fecav\/","og_locale":"en_US","og_type":"article","og_title":"Tornos Abogados participa en la jornada sobre la Ley de movilidad sostenible organizada por la FECAV - Tornos","og_description":"La Federaci\u00f3 empresarial catalana de transports de viatgers (FECAV) organiza una Jornada presencial sobre la \u201cLey Movilidad Sostenible (LMS)\u201d en la que participan Josep M\u00aa Fortuny, colaborador de Tornos Abogados y Antonio Sala, socio de Tornos Abogados. En esta sesi\u00f3n se abordar\u00e1n las principales cuestiones en materia de transporte de viajeros por carretera que regula [&hellip;]","og_url":"https:\/\/www.tornosabogados.com\/en\/tornos-abogados-participa-en-la-jornada-sobre-la-ley-de-movilidad-sostenible-organizada-por-la-fecav\/","og_site_name":"Tornos","article_published_time":"2026-01-16T12:03:22+00:00","article_modified_time":"2026-01-21T09:40:04+00:00","og_image":[{"width":1500,"height":1001,"url":"https:\/\/www.tornosabogados.com\/wp-content\/uploads\/2026\/01\/2148242262.jpg","type":"image\/jpeg"}],"author":"Tornos Abogados","twitter_card":"summary_large_image","twitter_misc":{"Written by":"Tornos Abogados","Est. reading time":"1 minute"},"schema":{"@context":"https:\/\/schema.org","@graph":[{"@type":"Article","@id":"https:\/\/www.tornosabogados.com\/en\/tornos-abogados-participa-en-la-jornada-sobre-la-ley-de-movilidad-sostenible-organizada-por-la-fecav\/#article","isPartOf":{"@id":"https:\/\/www.tornosabogados.com\/en\/tornos-abogados-participa-en-la-jornada-sobre-la-ley-de-movilidad-sostenible-organizada-por-la-fecav\/"},"author":{"name":"Tornos Abogados","@id":"https:\/\/www.tornosabogados.com\/en\/#\/schema\/person\/318ca497d8c39816b99d827eb4492a97"},"headline":"Tornos Abogados participa en la jornada sobre la Ley de movilidad sostenible organizada por la FECAV","datePublished":"2026-01-16T12:03:22+00:00","dateModified":"2026-01-21T09:40:04+00:00","mainEntityOfPage":{"@id":"https:\/\/www.tornosabogados.com\/en\/tornos-abogados-participa-en-la-jornada-sobre-la-ley-de-movilidad-sostenible-organizada-por-la-fecav\/"},"wordCount":178,"publisher":{"@id":"https:\/\/www.tornosabogados.com\/en\/#organization"},"articleSection":["Noticias y Cursos"],"inLanguage":"en-US"},{"@type":"WebPage","@id":"https:\/\/www.tornosabogados.com\/en\/tornos-abogados-participa-en-la-jornada-sobre-la-ley-de-movilidad-sostenible-organizada-por-la-fecav\/","url":"https:\/\/www.tornosabogados.com\/en\/tornos-abogados-participa-en-la-jornada-sobre-la-ley-de-movilidad-sostenible-organizada-por-la-fecav\/","name":"Tornos Abogados participa en la jornada sobre la Ley de movilidad sostenible organizada por la FECAV - Tornos","isPartOf":{"@id":"https:\/\/www.tornosabogados.com\/en\/#website"},"datePublished":"2026-01-16T12:03:22+00:00","dateModified":"2026-01-21T09:40:04+00:00","breadcrumb":{"@id":"https:\/\/www.tornosabogados.com\/en\/tornos-abogados-participa-en-la-jornada-sobre-la-ley-de-movilidad-sostenible-organizada-por-la-fecav\/#breadcrumb"},"inLanguage":"en-US","potentialAction":[{"@type":"ReadAction","target":["https:\/\/www.tornosabogados.com\/en\/tornos-abogados-participa-en-la-jornada-sobre-la-ley-de-movilidad-sostenible-organizada-por-la-fecav\/"]}]},{"@type":"BreadcrumbList","@id":"https:\/\/www.tornosabogados.com\/en\/tornos-abogados-participa-en-la-jornada-sobre-la-ley-de-movilidad-sostenible-organizada-por-la-fecav\/#breadcrumb","itemListElement":[{"@type":"ListItem","position":1,"name":"Portada","item":"https:\/\/www.tornosabogados.com\/en\/"},{"@type":"ListItem","position":2,"name":"Tornos Abogados participa en la jornada sobre la Ley de movilidad sostenible organizada por la FECAV"}]},{"@type":"WebSite","@id":"https:\/\/www.tornosabogados.com\/en\/#website","url":"https:\/\/www.tornosabogados.com\/en\/","name":"Tornos Abogados","description":"Referentes en derecho administrativo","publisher":{"@id":"https:\/\/www.tornosabogados.com\/en\/#organization"},"potentialAction":[{"@type":"SearchAction","target":{"@type":"EntryPoint","urlTemplate":"https:\/\/www.tornosabogados.com\/en\/?s={search_term_string}"},"query-input":"required name=search_term_string"}],"inLanguage":"en-US"},{"@type":"Organization","@id":"https:\/\/www.tornosabogados.com\/en\/#organization","name":"Tornos Abogados","url":"https:\/\/www.tornosabogados.com\/en\/","logo":{"@type":"ImageObject","inLanguage":"en-US","@id":"https:\/\/www.tornosabogados.com\/en\/#\/schema\/logo\/image\/","url":"https:\/\/www.tornosabogados.com\/wp-content\/uploads\/2020\/11\/tornos-1.png","contentUrl":"https:\/\/www.tornosabogados.com\/wp-content\/uploads\/2020\/11\/tornos-1.png","width":451,"height":194,"caption":"Tornos Abogados"},"image":{"@id":"https:\/\/www.tornosabogados.com\/en\/#\/schema\/logo\/image\/"}},{"@type":"Person","@id":"https:\/\/www.tornosabogados.com\/en\/#\/schema\/person\/318ca497d8c39816b99d827eb4492a97","name":"Tornos Abogados","image":{"@type":"ImageObject","inLanguage":"en-US","@id":"https:\/\/www.tornosabogados.com\/en\/#\/schema\/person\/image\/","url":"https:\/\/secure.gravatar.com\/avatar\/806fee0fecf2bb1ca47e28be74aeac68?s=96&d=mm&r=g","contentUrl":"https:\/\/secure.gravatar.com\/avatar\/806fee0fecf2bb1ca47e28be74aeac68?s=96&d=mm&r=g","caption":"Tornos Abogados"}}]}},"_links":{"self":[{"href":"https:\/\/www.tornosabogados.com\/en\/wp-json\/wp\/v2\/posts\/15528"}],"collection":[{"href":"https:\/\/www.tornosabogados.com\/en\/wp-json\/wp\/v2\/posts"}],"about":[{"href":"https:\/\/www.tornosabogados.com\/en\/wp-json\/wp\/v2\/types\/post"}],"author":[{"embeddable":true,"href":"https:\/\/www.tornosabogados.com\/en\/wp-json\/wp\/v2\/users\/1"}],"replies":[{"embeddable":true,"href":"https:\/\/www.tornosabogados.com\/en\/wp-json\/wp\/v2\/comments?post=15528"}],"version-history":[{"count":1,"href":"https:\/\/www.tornosabogados.com\/en\/wp-json\/wp\/v2\/posts\/15528\/revisions"}],"predecessor-version":[{"id":15532,"href":"https:\/\/www.tornosabogados.com\/en\/wp-json\/wp\/v2\/posts\/15528\/revisions\/15532"}],"wp:featuredmedia":[{"embeddable":true,"href":"https:\/\/www.tornosabogados.com\/en\/wp-json\/wp\/v2\/media\/15529"}],"wp:attachment":[{"href":"https:\/\/www.tornosabogados.com\/en\/wp-json\/wp\/v2\/media?parent=15528"}],"wp:term":[{"taxonomy":"category","embeddable":true,"href":"https:\/\/www.tornosabogados.com\/en\/wp-json\/wp\/v2\/categories?post=15528"},{"taxonomy":"post_tag","embeddable":true,"href":"https:\/\/www.tornosabogados.com\/en\/wp-json\/wp\/v2\/tags?post=15528"},{"taxonomy":"boletin","embeddable":true,"href":"https:\/\/www.tornosabogados.com\/en\/wp-json\/wp\/v2\/boletin?post=15528"},{"taxonomy":"articulo-lcsp","embeddable":true,"href":"https:\/\/www.tornosabogados.com\/en\/wp-json\/wp\/v2\/articulo-lcsp?post=15528"}],"curies":[{"name":"wp","href":"https:\/\/api.w.org\/{rel}","templated":true}]}}